{"id":642,"date":"2016-09-13T17:12:17","date_gmt":"2016-09-13T15:12:17","guid":{"rendered":"http:\/\/www.mercatocontadino.org\/public\/?p=642"},"modified":"2016-09-29T02:33:06","modified_gmt":"2016-09-29T00:33:06","slug":"la-festa-del-pane-al-mercato-contadino-capannelle","status":"publish","type":"post","link":"https:\/\/www.mercatocontadino.org\/public\/la-festa-del-pane-al-mercato-contadino-capannelle\/","title":{"rendered":"LA FESTA DEL PANE AL MERCATO CONTADINO CASTELLI ROMANI"},"content":{"rendered":"<p><strong>Domenica 25 settembre 2016<\/strong> imperdibile giornata insieme al <a href=\"https:\/\/www.facebook.com\/IlMercatoContadino\/\" data-hovercard=\"\/ajax\/hovercard\/page.php?id=147872315307230&amp;extragetparams=%7B%22directed_target_id%22%3A1072895666099619%7D\">Mercato Contadino Castelli Romani<\/a> che si svolger\u00e0 all&#8217;interno dell\u2019<a href=\"https:\/\/www.facebook.com\/IppodromoCapannelle-1061728090504639\/\" data-hovercard=\"\/ajax\/hovercard\/page.php?id=1061728090504639&amp;extragetparams=%7B%22directed_target_id%22%3A1072895666099619%7D\">IppodromoCapannelle<\/a> con La <strong>FESTA del PANE<\/strong>!<\/p>\n<p>Laboratori gratuiti, show cooking, degustazioni, musica popolare e artigianato artistico e del riuso. Oltre 50 produttori del nostro territorio, animeranno il piazzale interno, con la possibilit\u00e0 di un piacevole picnic sui prati con i prodotti dal gusto unico e genuino! GEMELLAGGIO con la <a href=\"https:\/\/www.facebook.com\/events\/1109410815763230\/?action_history=null\" data-hovercard=\"\/ajax\/hovercard\/event.php?id=1109410815763230&amp;extragetparams=%7B%22directed_target_id%22%3A1072895666099619%7D\">Festa del Pane Casareccio di Genzano<\/a> che per la prima volta in assoluto sbarca a Roma e con la Pizza a Fiamma di Vejano, prodotto tipico della Tuscia. Con il patrocinio dell\u2019 <a href=\"https:\/\/www.facebook.com\/ortobotanico.torvergata\/\" data-hovercard=\"\/ajax\/hovercard\/page.php?id=1499817843606864&amp;extragetparams=%7B%22directed_target_id%22%3A1072895666099619%7D\">Orto Botanico Roma &#8220;Tor Vergata&#8221;<\/a> e in collaborazione con <a href=\"https:\/\/www.facebook.com\/CerealiaFestival\/\" data-hovercard=\"\/ajax\/hovercard\/page.php?id=211896905497844&amp;extragetparams=%7B%22directed_target_id%22%3A1072895666099619%7D\">CEREALIA &#8211; La Festa dei<span class=\"text_exposed_show\"> Cereali<\/span><\/a><span class=\"text_exposed_show\">. Ingresso gratuito.<\/span><\/p>\n<p><img loading=\"lazy\" decoding=\"async\" class=\"aligncenter size-full wp-image-644\" src=\"http:\/\/www.mercatocontadino.org\/public\/wp-content\/uploads\/2016\/09\/FESTADELPANE_SMALL.jpg\" alt=\"festadelpane_small\" width=\"800\" height=\"1143\" srcset=\"https:\/\/www.mercatocontadino.org\/public\/wp-content\/uploads\/2016\/09\/FESTADELPANE_SMALL.jpg 800w, https:\/\/www.mercatocontadino.org\/public\/wp-content\/uploads\/2016\/09\/FESTADELPANE_SMALL-210x300.jpg 210w, https:\/\/www.mercatocontadino.org\/public\/wp-content\/uploads\/2016\/09\/FESTADELPANE_SMALL-768x1097.jpg 768w, https:\/\/www.mercatocontadino.org\/public\/wp-content\/uploads\/2016\/09\/FESTADELPANE_SMALL-717x1024.jpg 717w, https:\/\/www.mercatocontadino.org\/public\/wp-content\/uploads\/2016\/09\/FESTADELPANE_SMALL-700x1000.jpg 700w\" sizes=\"(max-width: 800px) 100vw, 800px\" \/><\/p>\n<h2>Programma:<\/h2>\n<p>Fin dal mattino una bellissima opportunit\u00e0: si potr\u00e0 seguire l\u2019allestimento in diretta di un grande quadro artistico a terra a cura dei maestri infioratori di Genzano dell&#8217; <a href=\"https:\/\/www.facebook.com\/Associazione-Momo-725724380882160\/\" data-hovercard=\"\/ajax\/hovercard\/page.php?id=725724380882160&amp;extragetparams=%7B%22directed_target_id%22%3A1072895666099619%7D\">Associazione Momo<\/a> con l\u2019utilizzo della tecnica della famosissima Infiorata, ma, oltre ai fiori, verranno impiegati gli ingredienti del pane genzanese IGP, farine, crusche, mais, e anche filoni, rosette e pagnotte.<br \/>\nEsposizione dei PANI dall\u2019antica Roma a cura di <a href=\"https:\/\/www.facebook.com\/PanellaLarteDelPane\/\" data-hovercard=\"\/ajax\/hovercard\/page.php?id=137869202926132&amp;extragetparams=%7B%22directed_target_id%22%3A1072895666099619%7D\">Panella L&#8217;arte Del Pane<\/a> .<\/p>\n<p><strong>Ore 10<\/strong> Laboratorio per bambini \u201cTutti con le mani in pasta\u201d<\/p>\n<p><strong>Ore 10,30<\/strong> Laboratorio del pane, dono della pasta madre \u201cChe ne sai tu di un campo di grano?\u201d a cura del contadino, chef, capocomico Umberto dell\u2019azienda agricola Di Pietro di Capena e dell\u2019appassionata panificatrice<a href=\"https:\/\/www.facebook.com\/anna.possenti\" data-hovercard=\"\/ajax\/hovercard\/user.php?id=1209541740&amp;extragetparams=%7B%22directed_target_id%22%3A1072895666099619%7D\">Anna Possenti<\/a>.<\/p>\n<p><strong>Ore 11,30<\/strong> &#8220;Buono come il pane. Riti, saperi e gusti di un cibo base dell&#8217;alimentazione umana&#8221;, incontro con il prof. Ernesto Di Renzo, dell\u2019<a href=\"https:\/\/www.facebook.com\/pages\/Universit%C3%A0-degli-Studi-di-Roma-Tor-Vergata\/113492581994086\" data-hovercard=\"\/ajax\/hovercard\/page.php?id=113492581994086&amp;extragetparams=%7B%22directed_target_id%22%3A1072895666099619%7D\">Universit\u00e0 degli Studi di Roma Tor Vergata<\/a> e letture a cura degli studenti del master \u201ccultura dell\u2019alimentazione e delle tradizioni enogastronomiche\u201d<\/p>\n<p><strong>Ore 12,30<\/strong> La merenda del pellegrino (degustazione) Introduzione a cura di <a href=\"https:\/\/www.facebook.com\/tiziana.briguglio\" data-hovercard=\"\/ajax\/hovercard\/user.php?id=1557707319&amp;extragetparams=%7B%22directed_target_id%22%3A1072895666099619%7D\">Tiziana Briguglio<\/a> Degustazione del pane, (grazie a <a href=\"https:\/\/www.facebook.com\/ivanilredelpane\/\" data-hovercard=\"\/ajax\/hovercard\/page.php?id=173867592672243&amp;extragetparams=%7B%22directed_target_id%22%3A1072895666099619%7D\">Ivan Il Re Del Pane<\/a>presente con il pane del brigante e altri pani speciali) formaggio, olive e fichi secchi che i viandanti portavano con s\u00e9 per affrontare i lunghi cammini.<\/p>\n<p><strong>Degustazioni, pranzo, pic-nic sull\u2019erba<\/strong>.<\/p>\n<p>Omaggio al &#8220;<strong>pane liquido<\/strong>&#8221; cio\u00e8 la birra! Degustazione del gelato alla birra artigianale \u201cL\u2019Ariccina\u201d (saison al farro) del <a href=\"https:\/\/www.facebook.com\/BirrificioCastelliRomani\/\" data-hovercard=\"\/ajax\/hovercard\/page.php?id=650132065003582&amp;extragetparams=%7B%22directed_target_id%22%3A1072895666099619%7D\">Birrificio Castelli Romani<\/a> e di \u201cPanzanella romana\u201d dedicato appositamente a <a href=\"https:\/\/www.facebook.com\/events\/1072895666099619\/?ref=1&amp;action_history=null\" data-hovercard=\"\/ajax\/hovercard\/event.php?id=1072895666099619&amp;extragetparams=%7B%22directed_target_id%22%3A1072895666099619%7D\">La Festa del Pane al Mercato Contadino Capannelle<\/a> dal mastro gelatiere <a href=\"https:\/\/www.facebook.com\/gelateria.greed\" data-hovercard=\"\/ajax\/hovercard\/user.php?id=100002240054791&amp;extragetparams=%7B%22directed_target_id%22%3A1072895666099619%7D\">Dario Rossi Greed<\/a> di<a href=\"https:\/\/www.facebook.com\/Gelateria-Greed-478252158963524\/\" data-hovercard=\"\/ajax\/hovercard\/page.php?id=478252158963524&amp;extragetparams=%7B%22directed_target_id%22%3A1072895666099619%7D\">Gelateria Greed<\/a> di Frascati.<\/p>\n<p><strong>Ore 15<\/strong> Battesimo della sella: i bambini dai 3 ai 10 anni, oltre al programma di animazione della ludoteca e al parco giochi gonfiabili, potranno provare gratuitamente l\u2019emozionante esperienza di montare sui pony sotto la guida di istruttori qualificati.<\/p>\n<p><strong>0re 16<\/strong> ALBERO del PANE: tutti sono invitati durante la giornata a portare un pensiero scritto sul pane (o un disegno) da realizzare anche direttamente sul posto, che verr\u00e0 appeso a un grande albero, insieme impasteremo il nostro libro del pane, reading a cura di <a href=\"https:\/\/www.facebook.com\/paola.sarcina\" data-hovercard=\"\/ajax\/hovercard\/user.php?id=828208517&amp;extragetparams=%7B%22directed_target_id%22%3A1072895666099619%7D\">Paola Sarcina<\/a>, presidente di <a href=\"https:\/\/www.facebook.com\/CerealiaFestival\/\" data-hovercard=\"\/ajax\/hovercard\/page.php?id=211896905497844&amp;extragetparams=%7B%22directed_target_id%22%3A1072895666099619%7D\">CEREALIA &#8211; La Festa dei Cereali<\/a>.<\/p>\n<p>Oltre alla partecipazione straordinaria del Consorzio del pane IGP di Genzano, come di consueto il famoso pane di Veroli, di Lariano, il \u201cpane antico\u201d prodotto con antichi grani, il pane de <a href=\"https:\/\/www.facebook.com\/Il-Bioforno-del-Borgo-1492031141052668\/\" data-hovercard=\"\/ajax\/hovercard\/page.php?id=1492031141052668&amp;extragetparams=%7B%22directed_target_id%22%3A1072895666099619%7D\">Il Bioforno del Borgo<\/a> e il pane dell\u2019accoglienza realizzato per il Giubileo dal <a href=\"https:\/\/www.facebook.com\/cna.roma\/\" data-hovercard=\"\/ajax\/hovercard\/page.php?id=174246735971753&amp;extragetparams=%7B%22directed_target_id%22%3A1072895666099619%7D\">Cna di Roma<\/a> e dall\u2019associazione dei panificatori di Roma e del Lazio.<\/p>\n<p>L&#8217;obiettivo della <strong>FESTA del PANE<\/strong> con l\u2019ospitalit\u00e0 al Consorzio Tutela <strong>Pane Casareccio di Genzano<\/strong>, \u00e8 quello di promuovere la conoscenza dei marchi di qualit\u00e0 dei propri prodotti agroalimentari. Il Pane di Genzano \u00e8 stato infatti (insignito, a livello europeo, dell&#8217;I.G.P. &#8211; Indicazione Geografica Protetta), a dimostrazione del forte legame territoriale del ciclo produttivo che garantisce il costante livello di qualit\u00e0 e di garanzia del prodotto.<\/p>\n<p>Inoltre graditissima anche la partecipazione straordinaria della \u201c<strong>PIZZA a fiamma<\/strong>\u201d prodotto tipico di <strong>Vejano (Viterbo)<\/strong>: si assister\u00e0 a tutte le fasi della lavorazione fino alla cottura finale in forno a legna. Dalla tradizionale forma ovale, con spessore della crosta di almeno 1 mm., mollica praticamente inesistente, profumo intenso e gusto leggermente acidulo, viene preparata con una miscela di farine di grano tenero e di grano duro in proporzioni variabili alla quale viene aggiunta acqua, lievito madre, sale marino, olio extravergine di oliva. Farcita con ingredienti a piacere: cicoria o ricotta, formaggio ovino, prosciutto, rucola e olio extravergine di oliva. Gi\u00e0 nell\u2019ottocento, come recita un vecchio adagio \u201cNun s\u2019\u00e8 fatta \u2018na cotta de pane, se prima nun c\u2019\u00e8 stata `na pizza a fiamma\u201d.<\/p>\n<p>Tutti insieme i produttori vi aspetteranno con ricette e preziosi consigli per invitarvi a sostenere le piccole aziende a conduzione familiare per supportare un\u2019economia locale che altrimenti andrebbe disgregandosi!<\/p>\n<p>Partecipazione della Rete Economia Solidale con <a href=\"https:\/\/www.facebook.com\/arduino.fratarcangeli\" data-hovercard=\"\/ajax\/hovercard\/user.php?id=1591482699&amp;extragetparams=%7B%22directed_target_id%22%3A1072895666099619%7D\">Arduino Fratarcangeli<\/a> e di <a href=\"https:\/\/www.facebook.com\/msf.italiano\/\" data-hovercard=\"\/ajax\/hovercard\/page.php?id=65737832194&amp;extragetparams=%7B%22directed_target_id%22%3A1072895666099619%7D\">Medici Senza Frontiere<\/a>.<\/p>\n<p>Naturalmente, per tutti gli interessati, dopo le ore 14,30 si svolgeranno le previste corse al galoppo.<\/p>\n<p><a href=\"http:\/\/www.mercatocontadino.org\/\" target=\"_blank\" rel=\"nofollow nofollow\">www.mercatocontadino.org<\/a> info@mercatocontadino.org tel. 389 8830642<br \/>\n<a href=\"http:\/\/www.facebook.com\/pages\/Mercato-Contadino-Castelli-Romani\/147872315307230\" rel=\"nofollow\">www.facebook.com\/pages\/<wbr \/>Mercato-Contadino-Castelli-<wbr \/>Romani\/147872315307230<\/a><br \/>\n<a class=\"_58cn\" href=\"https:\/\/www.facebook.com\/hashtag\/festadelpane\" data-ft=\"{&quot;tn&quot;:&quot;*N&quot;,&quot;type&quot;:104}\">#festadelpane<\/a> <a class=\"_58cn\" href=\"https:\/\/www.facebook.com\/hashtag\/mercatocontadinocapannelle\" data-ft=\"{&quot;tn&quot;:&quot;*N&quot;,&quot;type&quot;:104}\">#mercatocontadinocapannell<wbr \/>e<\/a> <a class=\"_58cn\" href=\"https:\/\/www.facebook.com\/hashtag\/mercatocontadinocastelliromani\" data-ft=\"{&quot;tn&quot;:&quot;*N&quot;,&quot;type&quot;:104}\">#mercatocontadinocastellir<wbr \/>omani<\/a><\/p>\n","protected":false},"excerpt":{"rendered":"<p>Domenica 25 settembre 2016 imperdibile giornata insieme al Mercato Contadino Castelli Romani che si svolger\u00e0 all&#8217;interno dell\u2019IppodromoCapannelle con La FESTA del PANE! Laboratori gratuiti, show cooking, degustazioni, musica popolare e artigianato artistico e del riuso&#8230;.<\/p>\n","protected":false},"author":1,"featured_media":643,"comment_status":"open","ping_status":"open","sticky":false,"template":"","format":"standard","meta":{"footnotes":""},"categories":[5,11],"tags":[],"yoast_head":"<!-- This site is optimized with the Yoast SEO plugin v23.6 - https:\/\/yoast.com\/wordpress\/plugins\/seo\/ -->\r\n<title>LA FESTA DEL PANE AL MERCATO CONTADINO CASTELLI ROMANI - Mercato Contadino Roma e Castelli Romani<\/title>\r\n<meta name=\"robots\" content=\"index, follow, max-snippet:-1, max-image-preview:large, max-video-preview:-1\" \/>\r\n<link rel=\"canonical\" href=\"https:\/\/www.mercatocontadino.org\/public\/la-festa-del-pane-al-mercato-contadino-capannelle\/\" \/>\r\n<meta property=\"og:locale\" content=\"it_IT\" \/>\r\n<meta property=\"og:type\" content=\"article\" \/>\r\n<meta property=\"og:title\" content=\"LA FESTA DEL PANE AL MERCATO CONTADINO CASTELLI ROMANI - Mercato Contadino Roma e Castelli Romani\" \/>\r\n<meta property=\"og:description\" content=\"Domenica 25 settembre 2016 imperdibile giornata insieme al Mercato Contadino Castelli Romani che si svolger\u00e0 all&#8217;interno dell\u2019IppodromoCapannelle con La FESTA del PANE! Laboratori gratuiti, show cooking, degustazioni, musica popolare e artigianato artistico e del riuso....\" \/>\r\n<meta property=\"og:url\" content=\"https:\/\/www.mercatocontadino.org\/public\/la-festa-del-pane-al-mercato-contadino-capannelle\/\" \/>\r\n<meta property=\"og:site_name\" content=\"Mercato Contadino Roma e Castelli Romani\" \/>\r\n<meta property=\"article:published_time\" content=\"2016-09-13T15:12:17+00:00\" \/>\r\n<meta property=\"article:modified_time\" content=\"2016-09-29T00:33:06+00:00\" \/>\r\n<meta property=\"og:image\" content=\"https:\/\/www.mercatocontadino.org\/public\/wp-content\/uploads\/2016\/09\/mercato_contadino_festa_del_pane.jpg\" \/>\r\n\t<meta property=\"og:image:width\" content=\"1200\" \/>\r\n\t<meta property=\"og:image:height\" content=\"517\" \/>\r\n\t<meta property=\"og:image:type\" content=\"image\/jpeg\" \/>\r\n<meta name=\"author\" content=\"ilmercatocontadino\" \/>\r\n<meta name=\"twitter:card\" content=\"summary_large_image\" \/>\r\n<meta name=\"twitter:label1\" content=\"Scritto da\" \/>\n\t<meta name=\"twitter:data1\" content=\"ilmercatocontadino\" \/>\n\t<meta name=\"twitter:label2\" content=\"Tempo di lettura stimato\" \/>\n\t<meta name=\"twitter:data2\" content=\"4 minuti\" \/>\r\n<script type=\"application\/ld+json\" class=\"yoast-schema-graph\">{\"@context\":\"https:\/\/schema.org\",\"@graph\":[{\"@type\":\"WebPage\",\"@id\":\"https:\/\/www.mercatocontadino.org\/public\/la-festa-del-pane-al-mercato-contadino-capannelle\/\",\"url\":\"https:\/\/www.mercatocontadino.org\/public\/la-festa-del-pane-al-mercato-contadino-capannelle\/\",\"name\":\"LA FESTA DEL PANE AL MERCATO CONTADINO CASTELLI ROMANI - Mercato Contadino Roma e Castelli Romani\",\"isPartOf\":{\"@id\":\"https:\/\/www.mercatocontadino.org\/public\/#website\"},\"primaryImageOfPage\":{\"@id\":\"https:\/\/www.mercatocontadino.org\/public\/la-festa-del-pane-al-mercato-contadino-capannelle\/#primaryimage\"},\"image\":{\"@id\":\"https:\/\/www.mercatocontadino.org\/public\/la-festa-del-pane-al-mercato-contadino-capannelle\/#primaryimage\"},\"thumbnailUrl\":\"https:\/\/www.mercatocontadino.org\/public\/wp-content\/uploads\/2016\/09\/mercato_contadino_festa_del_pane.jpg\",\"datePublished\":\"2016-09-13T15:12:17+00:00\",\"dateModified\":\"2016-09-29T00:33:06+00:00\",\"author\":{\"@id\":\"https:\/\/www.mercatocontadino.org\/public\/#\/schema\/person\/e4f15832d1f5c32f0800d694f83a60b0\"},\"breadcrumb\":{\"@id\":\"https:\/\/www.mercatocontadino.org\/public\/la-festa-del-pane-al-mercato-contadino-capannelle\/#breadcrumb\"},\"inLanguage\":\"it-IT\",\"potentialAction\":[{\"@type\":\"ReadAction\",\"target\":[\"https:\/\/www.mercatocontadino.org\/public\/la-festa-del-pane-al-mercato-contadino-capannelle\/\"]}]},{\"@type\":\"ImageObject\",\"inLanguage\":\"it-IT\",\"@id\":\"https:\/\/www.mercatocontadino.org\/public\/la-festa-del-pane-al-mercato-contadino-capannelle\/#primaryimage\",\"url\":\"https:\/\/www.mercatocontadino.org\/public\/wp-content\/uploads\/2016\/09\/mercato_contadino_festa_del_pane.jpg\",\"contentUrl\":\"https:\/\/www.mercatocontadino.org\/public\/wp-content\/uploads\/2016\/09\/mercato_contadino_festa_del_pane.jpg\",\"width\":1200,\"height\":517},{\"@type\":\"BreadcrumbList\",\"@id\":\"https:\/\/www.mercatocontadino.org\/public\/la-festa-del-pane-al-mercato-contadino-capannelle\/#breadcrumb\",\"itemListElement\":[{\"@type\":\"ListItem\",\"position\":1,\"name\":\"Home\",\"item\":\"https:\/\/www.mercatocontadino.org\/public\/\"},{\"@type\":\"ListItem\",\"position\":2,\"name\":\"LA FESTA DEL PANE AL MERCATO CONTADINO CASTELLI ROMANI\"}]},{\"@type\":\"WebSite\",\"@id\":\"https:\/\/www.mercatocontadino.org\/public\/#website\",\"url\":\"https:\/\/www.mercatocontadino.org\/public\/\",\"name\":\"Mercato Contadino Roma e Castelli Romani\",\"description\":\"Diffondiamo Prodotti Agroalimentari di Qualit\u00e0, Km0, di Filiera Corta\",\"potentialAction\":[{\"@type\":\"SearchAction\",\"target\":{\"@type\":\"EntryPoint\",\"urlTemplate\":\"https:\/\/www.mercatocontadino.org\/public\/?s={search_term_string}\"},\"query-input\":{\"@type\":\"PropertyValueSpecification\",\"valueRequired\":true,\"valueName\":\"search_term_string\"}}],\"inLanguage\":\"it-IT\"},{\"@type\":\"Person\",\"@id\":\"https:\/\/www.mercatocontadino.org\/public\/#\/schema\/person\/e4f15832d1f5c32f0800d694f83a60b0\",\"name\":\"ilmercatocontadino\",\"image\":{\"@type\":\"ImageObject\",\"inLanguage\":\"it-IT\",\"@id\":\"https:\/\/www.mercatocontadino.org\/public\/#\/schema\/person\/image\/\",\"url\":\"https:\/\/secure.gravatar.com\/avatar\/6be7c69f945bd40eac48b275f27f29e4?s=96&d=mm&r=g\",\"contentUrl\":\"https:\/\/secure.gravatar.com\/avatar\/6be7c69f945bd40eac48b275f27f29e4?s=96&d=mm&r=g\",\"caption\":\"ilmercatocontadino\"},\"url\":\"https:\/\/www.mercatocontadino.org\/public\/author\/ilmercatocontadino\/\"}]}<\/script>\r\n<!-- \/ Yoast SEO plugin. -->","yoast_head_json":{"title":"LA FESTA DEL PANE AL MERCATO CONTADINO CASTELLI ROMANI - Mercato Contadino Roma e Castelli Romani","robots":{"index":"index","follow":"follow","max-snippet":"max-snippet:-1","max-image-preview":"max-image-preview:large","max-video-preview":"max-video-preview:-1"},"canonical":"https:\/\/www.mercatocontadino.org\/public\/la-festa-del-pane-al-mercato-contadino-capannelle\/","og_locale":"it_IT","og_type":"article","og_title":"LA FESTA DEL PANE AL MERCATO CONTADINO CASTELLI ROMANI - Mercato Contadino Roma e Castelli Romani","og_description":"Domenica 25 settembre 2016 imperdibile giornata insieme al Mercato Contadino Castelli Romani che si svolger\u00e0 all&#8217;interno dell\u2019IppodromoCapannelle con La FESTA del PANE! Laboratori gratuiti, show cooking, degustazioni, musica popolare e artigianato artistico e del riuso....","og_url":"https:\/\/www.mercatocontadino.org\/public\/la-festa-del-pane-al-mercato-contadino-capannelle\/","og_site_name":"Mercato Contadino Roma e Castelli Romani","article_published_time":"2016-09-13T15:12:17+00:00","article_modified_time":"2016-09-29T00:33:06+00:00","og_image":[{"width":1200,"height":517,"url":"https:\/\/www.mercatocontadino.org\/public\/wp-content\/uploads\/2016\/09\/mercato_contadino_festa_del_pane.jpg","type":"image\/jpeg"}],"author":"ilmercatocontadino","twitter_card":"summary_large_image","twitter_misc":{"Scritto da":"ilmercatocontadino","Tempo di lettura stimato":"4 minuti"},"schema":{"@context":"https:\/\/schema.org","@graph":[{"@type":"WebPage","@id":"https:\/\/www.mercatocontadino.org\/public\/la-festa-del-pane-al-mercato-contadino-capannelle\/","url":"https:\/\/www.mercatocontadino.org\/public\/la-festa-del-pane-al-mercato-contadino-capannelle\/","name":"LA FESTA DEL PANE AL MERCATO CONTADINO CASTELLI ROMANI - Mercato Contadino Roma e Castelli Romani","isPartOf":{"@id":"https:\/\/www.mercatocontadino.org\/public\/#website"},"primaryImageOfPage":{"@id":"https:\/\/www.mercatocontadino.org\/public\/la-festa-del-pane-al-mercato-contadino-capannelle\/#primaryimage"},"image":{"@id":"https:\/\/www.mercatocontadino.org\/public\/la-festa-del-pane-al-mercato-contadino-capannelle\/#primaryimage"},"thumbnailUrl":"https:\/\/www.mercatocontadino.org\/public\/wp-content\/uploads\/2016\/09\/mercato_contadino_festa_del_pane.jpg","datePublished":"2016-09-13T15:12:17+00:00","dateModified":"2016-09-29T00:33:06+00:00","author":{"@id":"https:\/\/www.mercatocontadino.org\/public\/#\/schema\/person\/e4f15832d1f5c32f0800d694f83a60b0"},"breadcrumb":{"@id":"https:\/\/www.mercatocontadino.org\/public\/la-festa-del-pane-al-mercato-contadino-capannelle\/#breadcrumb"},"inLanguage":"it-IT","potentialAction":[{"@type":"ReadAction","target":["https:\/\/www.mercatocontadino.org\/public\/la-festa-del-pane-al-mercato-contadino-capannelle\/"]}]},{"@type":"ImageObject","inLanguage":"it-IT","@id":"https:\/\/www.mercatocontadino.org\/public\/la-festa-del-pane-al-mercato-contadino-capannelle\/#primaryimage","url":"https:\/\/www.mercatocontadino.org\/public\/wp-content\/uploads\/2016\/09\/mercato_contadino_festa_del_pane.jpg","contentUrl":"https:\/\/www.mercatocontadino.org\/public\/wp-content\/uploads\/2016\/09\/mercato_contadino_festa_del_pane.jpg","width":1200,"height":517},{"@type":"BreadcrumbList","@id":"https:\/\/www.mercatocontadino.org\/public\/la-festa-del-pane-al-mercato-contadino-capannelle\/#breadcrumb","itemListElement":[{"@type":"ListItem","position":1,"name":"Home","item":"https:\/\/www.mercatocontadino.org\/public\/"},{"@type":"ListItem","position":2,"name":"LA FESTA DEL PANE AL MERCATO CONTADINO CASTELLI ROMANI"}]},{"@type":"WebSite","@id":"https:\/\/www.mercatocontadino.org\/public\/#website","url":"https:\/\/www.mercatocontadino.org\/public\/","name":"Mercato Contadino Roma e Castelli Romani","description":"Diffondiamo Prodotti Agroalimentari di Qualit\u00e0, Km0, di Filiera Corta","potentialAction":[{"@type":"SearchAction","target":{"@type":"EntryPoint","urlTemplate":"https:\/\/www.mercatocontadino.org\/public\/?s={search_term_string}"},"query-input":{"@type":"PropertyValueSpecification","valueRequired":true,"valueName":"search_term_string"}}],"inLanguage":"it-IT"},{"@type":"Person","@id":"https:\/\/www.mercatocontadino.org\/public\/#\/schema\/person\/e4f15832d1f5c32f0800d694f83a60b0","name":"ilmercatocontadino","image":{"@type":"ImageObject","inLanguage":"it-IT","@id":"https:\/\/www.mercatocontadino.org\/public\/#\/schema\/person\/image\/","url":"https:\/\/secure.gravatar.com\/avatar\/6be7c69f945bd40eac48b275f27f29e4?s=96&d=mm&r=g","contentUrl":"https:\/\/secure.gravatar.com\/avatar\/6be7c69f945bd40eac48b275f27f29e4?s=96&d=mm&r=g","caption":"ilmercatocontadino"},"url":"https:\/\/www.mercatocontadino.org\/public\/author\/ilmercatocontadino\/"}]}},"_links":{"self":[{"href":"https:\/\/www.mercatocontadino.org\/public\/wp-json\/wp\/v2\/posts\/642"}],"collection":[{"href":"https:\/\/www.mercatocontadino.org\/public\/wp-json\/wp\/v2\/posts"}],"about":[{"href":"https:\/\/www.mercatocontadino.org\/public\/wp-json\/wp\/v2\/types\/post"}],"author":[{"embeddable":true,"href":"https:\/\/www.mercatocontadino.org\/public\/wp-json\/wp\/v2\/users\/1"}],"replies":[{"embeddable":true,"href":"https:\/\/www.mercatocontadino.org\/public\/wp-json\/wp\/v2\/comments?post=642"}],"version-history":[{"count":4,"href":"https:\/\/www.mercatocontadino.org\/public\/wp-json\/wp\/v2\/posts\/642\/revisions"}],"predecessor-version":[{"id":650,"href":"https:\/\/www.mercatocontadino.org\/public\/wp-json\/wp\/v2\/posts\/642\/revisions\/650"}],"wp:featuredmedia":[{"embeddable":true,"href":"https:\/\/www.mercatocontadino.org\/public\/wp-json\/wp\/v2\/media\/643"}],"wp:attachment":[{"href":"https:\/\/www.mercatocontadino.org\/public\/wp-json\/wp\/v2\/media?parent=642"}],"wp:term":[{"taxonomy":"category","embeddable":true,"href":"https:\/\/www.mercatocontadino.org\/public\/wp-json\/wp\/v2\/categories?post=642"},{"taxonomy":"post_tag","embeddable":true,"href":"https:\/\/www.mercatocontadino.org\/public\/wp-json\/wp\/v2\/tags?post=642"}],"curies":[{"name":"wp","href":"https:\/\/api.w.org\/{rel}","templated":true}]}}