{"id":3844,"date":"2024-03-14T19:25:13","date_gmt":"2024-03-14T18:25:13","guid":{"rendered":"https:\/\/www.mercatocontadino.org\/public\/?p=3844"},"modified":"2024-03-21T10:54:25","modified_gmt":"2024-03-21T09:54:25","slug":"grande-richiesta-mercato-contadino-prenestino-si-fara-domenica-inaugurazione-domenica-10-marzo-2024","status":"publish","type":"post","link":"https:\/\/www.mercatocontadino.org\/public\/grande-richiesta-mercato-contadino-prenestino-si-fara-domenica-inaugurazione-domenica-10-marzo-2024\/","title":{"rendered":"A grande richiesta, il Mercato Contadino Prenestino si far\u00e0 ogni DOMENICA! Inaugurazione Domenica 10 Marzo 2024!"},"content":{"rendered":"<p class=\"p3\"><span class=\"s1\">A grande richiesta dei cittadini del quartiere, a partire da <b>domenica 10 marzo 2024<\/b>, a Roma, nel V Municipio, il <b>Mercato Contadino Prenestino<\/b> si svolger\u00e0 tutte le domeniche dalle 8,30 alle 13,30 (<\/span><span class=\"s2\">anzich\u00e9 di venerd\u00ec<\/span><span class=\"s1\">) nella splendida cornice di <b>Parco Prampolini<\/b> (Via Camillo Prampolini, 27 00177) offrendo un servizio in pi\u00f9 per le tante famiglie che frequentano questo bellissimo parco\u2013giardino e per la numerosa popolazione che gravita intorno all\u2019asse viario della Prenestina\/Collatina.<\/span><\/p>\n\n<div class=\"wpcf7 no-js\" id=\"wpcf7-f3871-o1\" lang=\"it-IT\" dir=\"ltr\">\n<div class=\"screen-reader-response\"><p role=\"status\" aria-live=\"polite\" aria-atomic=\"true\"><\/p> <ul><\/ul><\/div>\n<form action=\"\/public\/wp-json\/wp\/v2\/posts\/3844#wpcf7-f3871-o1\" method=\"post\" class=\"wpcf7-form init\" aria-label=\"Modulo di contatto\" novalidate=\"novalidate\" data-status=\"init\">\n<div style=\"display: none;\">\n<input type=\"hidden\" name=\"_wpcf7\" value=\"3871\" \/>\n<input type=\"hidden\" name=\"_wpcf7_version\" value=\"5.9.8\" \/>\n<input type=\"hidden\" name=\"_wpcf7_locale\" value=\"it_IT\" \/>\n<input type=\"hidden\" name=\"_wpcf7_unit_tag\" value=\"wpcf7-f3871-o1\" \/>\n<input type=\"hidden\" name=\"_wpcf7_container_post\" value=\"0\" \/>\n<input type=\"hidden\" name=\"_wpcf7_posted_data_hash\" value=\"\" \/>\n<\/div>\n<div class=\"be-updated-form\" style=\"background-color: #d9ffc4; padding: 25px; margin-bottom: 25px;\">\n\t<h2>RESTA AGGIORNATO SUL MERCATO CONTADINO PRENESTINO\n\t<\/h2>\n\t<p>Ti aggiorneremo su eventuali importanti novit\u00e0 sul Mercato Contadino Prenestino\n\t<\/p>\n\t<p><label STYLE=\"FONT-WEIGHT:BOLD;\"> La tua email<br \/>\n<span class=\"wpcf7-form-control-wrap\" data-name=\"your-email\"><input size=\"40\" maxlength=\"400\" class=\"wpcf7-form-control wpcf7-email wpcf7-validates-as-required wpcf7-text wpcf7-validates-as-email\" aria-required=\"true\" aria-invalid=\"false\" value=\"\" type=\"email\" name=\"your-email\" \/><\/span> <\/label><br \/>\n<input class=\"wpcf7-form-control wpcf7-submit has-spinner\" type=\"submit\" value=\"Invia\" \/>\n\t<\/p>\n<\/div><div class=\"wpcf7-response-output\" aria-hidden=\"true\"><\/div>\n<\/form>\n<\/div>\n\n<p class=\"p3\"><span class=\"s1\">L\u2019iniziativa \u00e8 proposta da <b>St\u2019Orto Prenestino<\/b> un progetto di agricoltura sociale e multifunzionale che vede la collaborazione tra il <b>Dipartimento Politiche Sociali di ROMA CAPITALE, la Rete Produttori Mercati Contadini Citt\u00e0 Metropolitana di Roma Capitale, CIA\/Agricoltori Italiani del Lazio, Copral\/ Consorzio Produttori Alimenti Lazio, un raggruppamento di cooperative sociali ed agricole, ASL Roma2, e l\u2019Orto Botanico dell\u2019Universit\u00e0 di Tor Vergata.<\/b><\/span><\/p>\n<p class=\"p3\"><span class=\"s1\">Il Mercato Contadino \u2013 completando e diversificando i progetti di rilevanza sociale e ludica previsti nel parco \u2013 dar\u00e0 la possibilit\u00e0 al progetto <b>St\u2019Orto Prenestino<\/b> di compiere le proprie finalit\u00e0 ed allo stesso tempo offrir\u00e0 ai tanti cittadini l\u2019opportunit\u00e0 di acquistare prodotti alimentari freschissimi e di qualit\u00e0, di filiera corta, direttamente dai produttori di piccole aziende dell\u2019agro-romano e degli altri territori del Lazio.<\/span><\/p>\n<p class=\"p3\"><span class=\"s1\">In occasione dell\u2019inaugurazione, che si terr\u00e0 <b>domenica 10 marzo dalle 8,30 alle 13,30<\/b>, saranno offerti gratuitamente prodotti e l\u2019opportunit\u00e0 di partecipare a degustazioni nello specifico:<\/span><\/p>\n<p class=\"p3\"><span class=\"s1\">-dono di piantine come buon auspicio per pratiche di agricoltura e giardinaggio domestico; dono di ricette \u201cantispreco\u201d per utilizzare gli avanzi del pane.<\/span><\/p>\n<p class=\"p3\"><span class=\"s1\">&#8211; degustazione del pane \u201cBrigante\u201d realizzato con 11 cereali a lievitazione naturale e di bigne\u2019 di San Giuseppe, degustazione di zabaione freschissimo con le uova appena deposte da galline libere di razzolare in campagna; degustazione di diverse tipologie di miele (castagno, melata di bosco, millefiori); brindisi d\u2019inaugurazione.<\/span><\/p>\n<p class=\"p3\"><span class=\"s1\">Perch\u00e9 il dono \u00e8 l\u2019arte dell\u2019incontro con l\u2019altro; avvicina le persone, consente all\u2019uno, donatore e ricevente, di vedere il volto dell\u2019altro: il mercato in questa accezione non \u00e8 soltanto scambio di merci ma un vero e proprio luogo di scambio di idee, passioni e culture.<\/span><\/p>\n<p>A grande richiesta DONO della Pasta Madre grazie a Umberto, presente con le sue farine e legumi (azienda agricola Umberto Di Pietro di Capena).<\/p>\n<p class=\"p3\"><span class=\"s1\">Tra i banchi del mercato, <b>St\u2019Orto prenestino<\/b> proporr\u00e0 i suoi <b>Laboratori sulla sostenibilit\u00e0, il riciclo creativo e le pratiche agricole<\/b>, anche per i bambini, in un\u2019atmosfera giocosa ci sar\u00e0 intrattenimento educativo e divertente. I piccoli partecipanti saranno coinvolti in giochi interattivi e creativi che promuovono la consapevolezza ambientale e il rispetto per il nostro pianeta. Tematiche come: raccolta differenziata, biodiversit\u00e0 e coltivazione verranno affrontati attraverso attivit\u00e0 coinvolgenti, con l\u2019obiettivo di coltivare una comprensione precoce dell\u2019importanza della sostenibilit\u00e0, incoraggiando un approccio divertente e informativo all\u2019apprendimento.<\/span><\/p>\n<p class=\"p3\"><span class=\"s1\">Per tutti gli interessati sar\u00e0 possibile effettuare la visita al percorso archeologico di <b>Parco Prampolini<\/b> per una passeggiata nella storia dell\u2019area e per conoscere funzione ed usi dei resti architettonici.<\/span><\/p>\n<p class=\"p3\"><span class=\"s1\">Le aziende agricole del mercato contadino proporranno degustazioni tra prodotti biologici e tipici, con certificazione Igp, Doc e Dop, frutta e verdura appena raccolta, olio extra vergine spremuto a freddo, mozzarelle di bufala, formaggi freschi e stagionati, carne e insaccati, pane lavorato con la pasta madre, uova di galline allevate all\u2019aria aperta e altri prodotti, tra cui confetture e marmellate, farine e legumi, dolci da forno, vini doc, miele.<\/span><\/p>\n<p class=\"p3\"><span class=\"s1\">Ti invitiamo a venirci a trovare al <b>Mercato Contadino Prenestino con gli agricoltori di filiera corta<\/b> e condividere con noi uno stile di vita pi\u00f9 sostenibile per cambiare il tuo impatto sul mondo.<\/span><\/p>\n<p class=\"p3\"><span class=\"s1\">Il progetto voluto a Parco Prampolini da <b>Roma Capitale<\/b> \u00e8 un\u2019esperienza di sviluppo di impresa sociale per l\u2019integrazione socio-lavorativa di persone fragili e per la diffusione, tra i cittadini del territorio e la popolazione dell\u2019intera citt\u00e0, della \u201ccultura del verde urbano e dell\u2019ambiente\u201d e la promozione di una sensibilit\u00e0 verso la sostenibilit\u00e0 volta anche ad assumere uno stile di vita sano preferendo acquisti di prodotti locali di filiera corta. L\u2019 impresa sociale \u201cSt\u2019Orto Prenestino\u201d in collaborazione con l<b>\u2019Orto Botanico dell\u2019Universit\u00e0 di Roma Tor Vergata<\/b>, <b>ASL Roma2, Dipartimento Politiche Sociali e Salute Comune di Roma, Assessorato Politiche Sociali e Salute e V Municipio<\/b>, ha voluto coinvolgere la <b>Rete Produttori Mercati Contadini Citt\u00e0 Metropolitana di Roma Capitale<\/b> per offrire un\u2019occasione in pi\u00f9 di arricchimento culturale oltre che un servizio utile e sano per i cittadini del territorio.<\/span><\/p>\n<p class=\"p3\"><span class=\"s1\">Per un sempre maggior numero di consumatori, la spesa \u00e8 diventata un\u2019occasione di scambio e di comunicazione, con un codice simbolico analogo a quello che si manifesta nelle attivit\u00e0 sociali, nel tempo libero e nell\u2019intrattenimento: i produttori raccontano i propri prodotti e la propria vita su di un \u201cpalcoscenico\u201d in cui il consumatore non \u00e8 pi\u00f9 un soggetto passivo, l\u2019ultimo anello di una filiera lunga in cui il cibo non ha alcun legame con il territorio di consumo e le storie di vita di chi produce ed acquista il cibo.<\/span><\/p>\n<p class=\"p3\"><span class=\"s1\">Anche in quest\u2019ottica l\u2019esperienza del Mercato Contadino di Parco Prampolini sar\u00e0 l\u2019occasione per favorire il contatto di molti giovani con il mondo agricolo, anche per incentivarli ad un\u2019alimentazione pi\u00f9 corretta e per comprendere il percorso che le materie prime fanno dal campo alla tavola.<\/span><\/p>\n<p class=\"p3\"><span class=\"s1\">Tutti sono invitati a portare sempre con s\u00e9 la sporta per evitare lo spreco di involucri! <\/span><\/p>\n<p class=\"p3\"><span class=\"s1\">Sosteniamo le piccole aziende agricole a conduzione familiare! <\/span><\/p>\n<p class=\"p3\"><span class=\"s1\">Noi portiamo la <b>campagna in citt\u00e0<\/b> e tu, se <b>STAI CON I CONTADINI<\/b>, vieni a fare la spesa come se andassi in fattoria a raccogliere direttamente i prodotti per tua tavola. <\/span><\/p>\n<p class=\"p3\"><span class=\"s1\">Buon Cibo e buona Vita!<\/span><\/p>\n<p class=\"p3\"><span class=\"s1\">Infoline <b>3898830642<\/b><\/span><\/p>\n\n<div class=\"wpcf7 no-js\" id=\"wpcf7-f3871-o2\" lang=\"it-IT\" dir=\"ltr\">\n<div class=\"screen-reader-response\"><p role=\"status\" aria-live=\"polite\" aria-atomic=\"true\"><\/p> <ul><\/ul><\/div>\n<form action=\"\/public\/wp-json\/wp\/v2\/posts\/3844#wpcf7-f3871-o2\" method=\"post\" class=\"wpcf7-form init\" aria-label=\"Modulo di contatto\" novalidate=\"novalidate\" data-status=\"init\">\n<div style=\"display: none;\">\n<input type=\"hidden\" name=\"_wpcf7\" value=\"3871\" \/>\n<input type=\"hidden\" name=\"_wpcf7_version\" value=\"5.9.8\" \/>\n<input type=\"hidden\" name=\"_wpcf7_locale\" value=\"it_IT\" \/>\n<input type=\"hidden\" name=\"_wpcf7_unit_tag\" value=\"wpcf7-f3871-o2\" \/>\n<input type=\"hidden\" name=\"_wpcf7_container_post\" value=\"0\" \/>\n<input type=\"hidden\" name=\"_wpcf7_posted_data_hash\" value=\"\" \/>\n<\/div>\n<div class=\"be-updated-form\" style=\"background-color: #d9ffc4; padding: 25px; margin-bottom: 25px;\">\n\t<h2>RESTA AGGIORNATO SUL MERCATO CONTADINO PRENESTINO\n\t<\/h2>\n\t<p>Ti aggiorneremo su eventuali importanti novit\u00e0 sul Mercato Contadino Prenestino\n\t<\/p>\n\t<p><label STYLE=\"FONT-WEIGHT:BOLD;\"> La tua email<br \/>\n<span class=\"wpcf7-form-control-wrap\" data-name=\"your-email\"><input size=\"40\" maxlength=\"400\" class=\"wpcf7-form-control wpcf7-email wpcf7-validates-as-required wpcf7-text wpcf7-validates-as-email\" aria-required=\"true\" aria-invalid=\"false\" value=\"\" type=\"email\" name=\"your-email\" \/><\/span> <\/label><br \/>\n<input class=\"wpcf7-form-control wpcf7-submit has-spinner\" type=\"submit\" value=\"Invia\" \/>\n\t<\/p>\n<\/div><div class=\"wpcf7-response-output\" aria-hidden=\"true\"><\/div>\n<\/form>\n<\/div>\n\n<p><a href=\"https:\/\/www.mercatocontadino.org\/public\/grande-richiesta-mercato-contadino-prenestino-si-fara-domenica-inaugurazione-domenica-10-marzo-2024\/mercato-contadino-prenestino-1\/\" rel=\"attachment wp-att-3880\"><img loading=\"lazy\" decoding=\"async\" class=\"aligncenter size-full wp-image-3880\" src=\"https:\/\/www.mercatocontadino.org\/public\/wp-content\/uploads\/2024\/02\/mercato-contadino-prenestino-1-scaled.jpg\" alt=\"mercato contadino prenestino\" width=\"2047\" height=\"2560\" srcset=\"https:\/\/www.mercatocontadino.org\/public\/wp-content\/uploads\/2024\/02\/mercato-contadino-prenestino-1-scaled.jpg 2047w, https:\/\/www.mercatocontadino.org\/public\/wp-content\/uploads\/2024\/02\/mercato-contadino-prenestino-1-240x300.jpg 240w, https:\/\/www.mercatocontadino.org\/public\/wp-content\/uploads\/2024\/02\/mercato-contadino-prenestino-1-819x1024.jpg 819w, https:\/\/www.mercatocontadino.org\/public\/wp-content\/uploads\/2024\/02\/mercato-contadino-prenestino-1-768x961.jpg 768w, https:\/\/www.mercatocontadino.org\/public\/wp-content\/uploads\/2024\/02\/mercato-contadino-prenestino-1-1228x1536.jpg 1228w, https:\/\/www.mercatocontadino.org\/public\/wp-content\/uploads\/2024\/02\/mercato-contadino-prenestino-1-1637x2048.jpg 1637w, https:\/\/www.mercatocontadino.org\/public\/wp-content\/uploads\/2024\/02\/mercato-contadino-prenestino-1-700x876.jpg 700w\" sizes=\"(max-width: 2047px) 100vw, 2047px\" \/><\/a><\/p>\n","protected":false},"excerpt":{"rendered":"<p>A grande richiesta dei cittadini del quartiere, a partire da domenica 10 marzo 2024, a Roma, nel V Municipio, il Mercato Contadino Prenestino si svolger\u00e0 tutte le domeniche dalle 8,30 alle 13,30 (anzich\u00e9 di venerd\u00ec)&#8230;<\/p>\n","protected":false},"author":1,"featured_media":3845,"comment_status":"closed","ping_status":"open","sticky":false,"template":"","format":"standard","meta":{"footnotes":""},"categories":[5,6,26],"tags":[],"yoast_head":"<!-- This site is optimized with the Yoast SEO plugin v23.6 - https:\/\/yoast.com\/wordpress\/plugins\/seo\/ -->\r\n<title>A grande richiesta, il Mercato Contadino Prenestino si far\u00e0 ogni DOMENICA! Inaugurazione Domenica 10 Marzo 2024! - Mercato Contadino Roma e Castelli Romani<\/title>\r\n<meta name=\"robots\" content=\"index, follow, max-snippet:-1, max-image-preview:large, max-video-preview:-1\" \/>\r\n<link rel=\"canonical\" href=\"https:\/\/www.mercatocontadino.org\/public\/grande-richiesta-mercato-contadino-prenestino-si-fara-domenica-inaugurazione-domenica-10-marzo-2024\/\" \/>\r\n<meta property=\"og:locale\" content=\"it_IT\" \/>\r\n<meta property=\"og:type\" content=\"article\" \/>\r\n<meta property=\"og:title\" content=\"A grande richiesta, il Mercato Contadino Prenestino si far\u00e0 ogni DOMENICA! Inaugurazione Domenica 10 Marzo 2024! - Mercato Contadino Roma e Castelli Romani\" \/>\r\n<meta property=\"og:description\" content=\"A grande richiesta dei cittadini del quartiere, a partire da domenica 10 marzo 2024, a Roma, nel V Municipio, il Mercato Contadino Prenestino si svolger\u00e0 tutte le domeniche dalle 8,30 alle 13,30 (anzich\u00e9 di venerd\u00ec)...\" \/>\r\n<meta property=\"og:url\" content=\"https:\/\/www.mercatocontadino.org\/public\/grande-richiesta-mercato-contadino-prenestino-si-fara-domenica-inaugurazione-domenica-10-marzo-2024\/\" \/>\r\n<meta property=\"og:site_name\" content=\"Mercato Contadino Roma e Castelli Romani\" \/>\r\n<meta property=\"article:published_time\" content=\"2024-03-14T18:25:13+00:00\" \/>\r\n<meta property=\"article:modified_time\" content=\"2024-03-21T09:54:25+00:00\" \/>\r\n<meta property=\"og:image\" content=\"https:\/\/www.mercatocontadino.org\/public\/wp-content\/uploads\/2024\/02\/mercato_contadino_prenestino_domenica_2023-roma-farmer-market-campagna.jpg\" \/>\r\n\t<meta property=\"og:image:width\" content=\"1352\" \/>\r\n\t<meta property=\"og:image:height\" content=\"1920\" \/>\r\n\t<meta property=\"og:image:type\" content=\"image\/jpeg\" \/>\r\n<meta name=\"author\" content=\"ilmercatocontadino\" \/>\r\n<meta name=\"twitter:card\" content=\"summary_large_image\" \/>\r\n<meta name=\"twitter:label1\" content=\"Scritto da\" \/>\n\t<meta name=\"twitter:data1\" content=\"ilmercatocontadino\" \/>\n\t<meta name=\"twitter:label2\" content=\"Tempo di lettura stimato\" \/>\n\t<meta name=\"twitter:data2\" content=\"5 minuti\" \/>\r\n<script type=\"application\/ld+json\" class=\"yoast-schema-graph\">{\"@context\":\"https:\/\/schema.org\",\"@graph\":[{\"@type\":\"WebPage\",\"@id\":\"https:\/\/www.mercatocontadino.org\/public\/grande-richiesta-mercato-contadino-prenestino-si-fara-domenica-inaugurazione-domenica-10-marzo-2024\/\",\"url\":\"https:\/\/www.mercatocontadino.org\/public\/grande-richiesta-mercato-contadino-prenestino-si-fara-domenica-inaugurazione-domenica-10-marzo-2024\/\",\"name\":\"A grande richiesta, il Mercato Contadino Prenestino si far\u00e0 ogni DOMENICA! Inaugurazione Domenica 10 Marzo 2024! - Mercato Contadino Roma e Castelli Romani\",\"isPartOf\":{\"@id\":\"https:\/\/www.mercatocontadino.org\/public\/#website\"},\"primaryImageOfPage\":{\"@id\":\"https:\/\/www.mercatocontadino.org\/public\/grande-richiesta-mercato-contadino-prenestino-si-fara-domenica-inaugurazione-domenica-10-marzo-2024\/#primaryimage\"},\"image\":{\"@id\":\"https:\/\/www.mercatocontadino.org\/public\/grande-richiesta-mercato-contadino-prenestino-si-fara-domenica-inaugurazione-domenica-10-marzo-2024\/#primaryimage\"},\"thumbnailUrl\":\"https:\/\/www.mercatocontadino.org\/public\/wp-content\/uploads\/2024\/02\/mercato_contadino_prenestino_domenica_2023-roma-farmer-market-campagna.jpg\",\"datePublished\":\"2024-03-14T18:25:13+00:00\",\"dateModified\":\"2024-03-21T09:54:25+00:00\",\"author\":{\"@id\":\"https:\/\/www.mercatocontadino.org\/public\/#\/schema\/person\/e4f15832d1f5c32f0800d694f83a60b0\"},\"breadcrumb\":{\"@id\":\"https:\/\/www.mercatocontadino.org\/public\/grande-richiesta-mercato-contadino-prenestino-si-fara-domenica-inaugurazione-domenica-10-marzo-2024\/#breadcrumb\"},\"inLanguage\":\"it-IT\",\"potentialAction\":[{\"@type\":\"ReadAction\",\"target\":[\"https:\/\/www.mercatocontadino.org\/public\/grande-richiesta-mercato-contadino-prenestino-si-fara-domenica-inaugurazione-domenica-10-marzo-2024\/\"]}]},{\"@type\":\"ImageObject\",\"inLanguage\":\"it-IT\",\"@id\":\"https:\/\/www.mercatocontadino.org\/public\/grande-richiesta-mercato-contadino-prenestino-si-fara-domenica-inaugurazione-domenica-10-marzo-2024\/#primaryimage\",\"url\":\"https:\/\/www.mercatocontadino.org\/public\/wp-content\/uploads\/2024\/02\/mercato_contadino_prenestino_domenica_2023-roma-farmer-market-campagna.jpg\",\"contentUrl\":\"https:\/\/www.mercatocontadino.org\/public\/wp-content\/uploads\/2024\/02\/mercato_contadino_prenestino_domenica_2023-roma-farmer-market-campagna.jpg\",\"width\":1352,\"height\":1920,\"caption\":\"mercato contadino prenestino domenica 2023 roma farmer market campagna\"},{\"@type\":\"BreadcrumbList\",\"@id\":\"https:\/\/www.mercatocontadino.org\/public\/grande-richiesta-mercato-contadino-prenestino-si-fara-domenica-inaugurazione-domenica-10-marzo-2024\/#breadcrumb\",\"itemListElement\":[{\"@type\":\"ListItem\",\"position\":1,\"name\":\"Home\",\"item\":\"https:\/\/www.mercatocontadino.org\/public\/\"},{\"@type\":\"ListItem\",\"position\":2,\"name\":\"A grande richiesta, il Mercato Contadino Prenestino si far\u00e0 ogni DOMENICA! Inaugurazione Domenica 10 Marzo 2024!\"}]},{\"@type\":\"WebSite\",\"@id\":\"https:\/\/www.mercatocontadino.org\/public\/#website\",\"url\":\"https:\/\/www.mercatocontadino.org\/public\/\",\"name\":\"Mercato Contadino Roma e Castelli Romani\",\"description\":\"Diffondiamo Prodotti Agroalimentari di Qualit\u00e0, Km0, di Filiera Corta\",\"potentialAction\":[{\"@type\":\"SearchAction\",\"target\":{\"@type\":\"EntryPoint\",\"urlTemplate\":\"https:\/\/www.mercatocontadino.org\/public\/?s={search_term_string}\"},\"query-input\":{\"@type\":\"PropertyValueSpecification\",\"valueRequired\":true,\"valueName\":\"search_term_string\"}}],\"inLanguage\":\"it-IT\"},{\"@type\":\"Person\",\"@id\":\"https:\/\/www.mercatocontadino.org\/public\/#\/schema\/person\/e4f15832d1f5c32f0800d694f83a60b0\",\"name\":\"ilmercatocontadino\",\"image\":{\"@type\":\"ImageObject\",\"inLanguage\":\"it-IT\",\"@id\":\"https:\/\/www.mercatocontadino.org\/public\/#\/schema\/person\/image\/\",\"url\":\"https:\/\/secure.gravatar.com\/avatar\/6be7c69f945bd40eac48b275f27f29e4?s=96&d=mm&r=g\",\"contentUrl\":\"https:\/\/secure.gravatar.com\/avatar\/6be7c69f945bd40eac48b275f27f29e4?s=96&d=mm&r=g\",\"caption\":\"ilmercatocontadino\"},\"url\":\"https:\/\/www.mercatocontadino.org\/public\/author\/ilmercatocontadino\/\"}]}<\/script>\r\n<!-- \/ Yoast SEO plugin. -->","yoast_head_json":{"title":"A grande richiesta, il Mercato Contadino Prenestino si far\u00e0 ogni DOMENICA! Inaugurazione Domenica 10 Marzo 2024! - Mercato Contadino Roma e Castelli Romani","robots":{"index":"index","follow":"follow","max-snippet":"max-snippet:-1","max-image-preview":"max-image-preview:large","max-video-preview":"max-video-preview:-1"},"canonical":"https:\/\/www.mercatocontadino.org\/public\/grande-richiesta-mercato-contadino-prenestino-si-fara-domenica-inaugurazione-domenica-10-marzo-2024\/","og_locale":"it_IT","og_type":"article","og_title":"A grande richiesta, il Mercato Contadino Prenestino si far\u00e0 ogni DOMENICA! Inaugurazione Domenica 10 Marzo 2024! - Mercato Contadino Roma e Castelli Romani","og_description":"A grande richiesta dei cittadini del quartiere, a partire da domenica 10 marzo 2024, a Roma, nel V Municipio, il Mercato Contadino Prenestino si svolger\u00e0 tutte le domeniche dalle 8,30 alle 13,30 (anzich\u00e9 di venerd\u00ec)...","og_url":"https:\/\/www.mercatocontadino.org\/public\/grande-richiesta-mercato-contadino-prenestino-si-fara-domenica-inaugurazione-domenica-10-marzo-2024\/","og_site_name":"Mercato Contadino Roma e Castelli Romani","article_published_time":"2024-03-14T18:25:13+00:00","article_modified_time":"2024-03-21T09:54:25+00:00","og_image":[{"width":1352,"height":1920,"url":"https:\/\/www.mercatocontadino.org\/public\/wp-content\/uploads\/2024\/02\/mercato_contadino_prenestino_domenica_2023-roma-farmer-market-campagna.jpg","type":"image\/jpeg"}],"author":"ilmercatocontadino","twitter_card":"summary_large_image","twitter_misc":{"Scritto da":"ilmercatocontadino","Tempo di lettura stimato":"5 minuti"},"schema":{"@context":"https:\/\/schema.org","@graph":[{"@type":"WebPage","@id":"https:\/\/www.mercatocontadino.org\/public\/grande-richiesta-mercato-contadino-prenestino-si-fara-domenica-inaugurazione-domenica-10-marzo-2024\/","url":"https:\/\/www.mercatocontadino.org\/public\/grande-richiesta-mercato-contadino-prenestino-si-fara-domenica-inaugurazione-domenica-10-marzo-2024\/","name":"A grande richiesta, il Mercato Contadino Prenestino si far\u00e0 ogni DOMENICA! Inaugurazione Domenica 10 Marzo 2024! - Mercato Contadino Roma e Castelli Romani","isPartOf":{"@id":"https:\/\/www.mercatocontadino.org\/public\/#website"},"primaryImageOfPage":{"@id":"https:\/\/www.mercatocontadino.org\/public\/grande-richiesta-mercato-contadino-prenestino-si-fara-domenica-inaugurazione-domenica-10-marzo-2024\/#primaryimage"},"image":{"@id":"https:\/\/www.mercatocontadino.org\/public\/grande-richiesta-mercato-contadino-prenestino-si-fara-domenica-inaugurazione-domenica-10-marzo-2024\/#primaryimage"},"thumbnailUrl":"https:\/\/www.mercatocontadino.org\/public\/wp-content\/uploads\/2024\/02\/mercato_contadino_prenestino_domenica_2023-roma-farmer-market-campagna.jpg","datePublished":"2024-03-14T18:25:13+00:00","dateModified":"2024-03-21T09:54:25+00:00","author":{"@id":"https:\/\/www.mercatocontadino.org\/public\/#\/schema\/person\/e4f15832d1f5c32f0800d694f83a60b0"},"breadcrumb":{"@id":"https:\/\/www.mercatocontadino.org\/public\/grande-richiesta-mercato-contadino-prenestino-si-fara-domenica-inaugurazione-domenica-10-marzo-2024\/#breadcrumb"},"inLanguage":"it-IT","potentialAction":[{"@type":"ReadAction","target":["https:\/\/www.mercatocontadino.org\/public\/grande-richiesta-mercato-contadino-prenestino-si-fara-domenica-inaugurazione-domenica-10-marzo-2024\/"]}]},{"@type":"ImageObject","inLanguage":"it-IT","@id":"https:\/\/www.mercatocontadino.org\/public\/grande-richiesta-mercato-contadino-prenestino-si-fara-domenica-inaugurazione-domenica-10-marzo-2024\/#primaryimage","url":"https:\/\/www.mercatocontadino.org\/public\/wp-content\/uploads\/2024\/02\/mercato_contadino_prenestino_domenica_2023-roma-farmer-market-campagna.jpg","contentUrl":"https:\/\/www.mercatocontadino.org\/public\/wp-content\/uploads\/2024\/02\/mercato_contadino_prenestino_domenica_2023-roma-farmer-market-campagna.jpg","width":1352,"height":1920,"caption":"mercato contadino prenestino domenica 2023 roma farmer market campagna"},{"@type":"BreadcrumbList","@id":"https:\/\/www.mercatocontadino.org\/public\/grande-richiesta-mercato-contadino-prenestino-si-fara-domenica-inaugurazione-domenica-10-marzo-2024\/#breadcrumb","itemListElement":[{"@type":"ListItem","position":1,"name":"Home","item":"https:\/\/www.mercatocontadino.org\/public\/"},{"@type":"ListItem","position":2,"name":"A grande richiesta, il Mercato Contadino Prenestino si far\u00e0 ogni DOMENICA! Inaugurazione Domenica 10 Marzo 2024!"}]},{"@type":"WebSite","@id":"https:\/\/www.mercatocontadino.org\/public\/#website","url":"https:\/\/www.mercatocontadino.org\/public\/","name":"Mercato Contadino Roma e Castelli Romani","description":"Diffondiamo Prodotti Agroalimentari di Qualit\u00e0, Km0, di Filiera Corta","potentialAction":[{"@type":"SearchAction","target":{"@type":"EntryPoint","urlTemplate":"https:\/\/www.mercatocontadino.org\/public\/?s={search_term_string}"},"query-input":{"@type":"PropertyValueSpecification","valueRequired":true,"valueName":"search_term_string"}}],"inLanguage":"it-IT"},{"@type":"Person","@id":"https:\/\/www.mercatocontadino.org\/public\/#\/schema\/person\/e4f15832d1f5c32f0800d694f83a60b0","name":"ilmercatocontadino","image":{"@type":"ImageObject","inLanguage":"it-IT","@id":"https:\/\/www.mercatocontadino.org\/public\/#\/schema\/person\/image\/","url":"https:\/\/secure.gravatar.com\/avatar\/6be7c69f945bd40eac48b275f27f29e4?s=96&d=mm&r=g","contentUrl":"https:\/\/secure.gravatar.com\/avatar\/6be7c69f945bd40eac48b275f27f29e4?s=96&d=mm&r=g","caption":"ilmercatocontadino"},"url":"https:\/\/www.mercatocontadino.org\/public\/author\/ilmercatocontadino\/"}]}},"_links":{"self":[{"href":"https:\/\/www.mercatocontadino.org\/public\/wp-json\/wp\/v2\/posts\/3844"}],"collection":[{"href":"https:\/\/www.mercatocontadino.org\/public\/wp-json\/wp\/v2\/posts"}],"about":[{"href":"https:\/\/www.mercatocontadino.org\/public\/wp-json\/wp\/v2\/types\/post"}],"author":[{"embeddable":true,"href":"https:\/\/www.mercatocontadino.org\/public\/wp-json\/wp\/v2\/users\/1"}],"replies":[{"embeddable":true,"href":"https:\/\/www.mercatocontadino.org\/public\/wp-json\/wp\/v2\/comments?post=3844"}],"version-history":[{"count":6,"href":"https:\/\/www.mercatocontadino.org\/public\/wp-json\/wp\/v2\/posts\/3844\/revisions"}],"predecessor-version":[{"id":3882,"href":"https:\/\/www.mercatocontadino.org\/public\/wp-json\/wp\/v2\/posts\/3844\/revisions\/3882"}],"wp:featuredmedia":[{"embeddable":true,"href":"https:\/\/www.mercatocontadino.org\/public\/wp-json\/wp\/v2\/media\/3845"}],"wp:attachment":[{"href":"https:\/\/www.mercatocontadino.org\/public\/wp-json\/wp\/v2\/media?parent=3844"}],"wp:term":[{"taxonomy":"category","embeddable":true,"href":"https:\/\/www.mercatocontadino.org\/public\/wp-json\/wp\/v2\/categories?post=3844"},{"taxonomy":"post_tag","embeddable":true,"href":"https:\/\/www.mercatocontadino.org\/public\/wp-json\/wp\/v2\/tags?post=3844"}],"curies":[{"name":"wp","href":"https:\/\/api.w.org\/{rel}","templated":true}]}}