{"id":3841,"date":"2024-02-23T17:40:48","date_gmt":"2024-02-23T16:40:48","guid":{"rendered":"https:\/\/www.mercatocontadino.org\/public\/?p=3841"},"modified":"2024-02-23T17:40:48","modified_gmt":"2024-02-23T16:40:48","slug":"mercato-contadino-capannelle-cinecitta-anche-sabato-24-febbraio-domenica-25-febbraio-2024","status":"publish","type":"post","link":"https:\/\/www.mercatocontadino.org\/public\/mercato-contadino-capannelle-cinecitta-anche-sabato-24-febbraio-domenica-25-febbraio-2024\/","title":{"rendered":"Mercato Contadino Capannelle a Cinecitt\u00e0 anche Sabato 24 Febbraio e Domenica 25 Febbraio 2024"},"content":{"rendered":"<p>\ud83d\udc68\u200d\ud83c\udf3e\ud83c\udf1f Cari cittadini,<\/p>\n<p>\ud83d\udce2 vi comunichiamo che in attesa dell&#8217;imminente riapertura del <strong>Mercato Contadino Capannelle<\/strong>, vi aspettiamo anche <strong>sabato 24 e domenica 25 febbraio 2024<\/strong> presso l\u2019area verde di <strong>Cinecitt\u00e0 Est <\/strong>in <strong>via di torre spaccata 107<\/strong> (incrocio viale Bruno Pelizzi) <em>ore 08.30-13.30<\/em>, proprio come lo scorso fine settimana.<\/p>\n<p>Grazie per il vostro entusiasmo! \ud83c\udf89<\/p>\n<p>\ud83d\udce3\u00a0\ud83d\udccd Ecco la mappa per raggiungerci: <a href=\"https:\/\/maps.app.goo.gl\/piNkL9BnLAvTtApp6?g_st=iw\" target=\"_new\" rel=\"noopener\">https:\/\/maps.app.goo.gl\/piNkL9BnLAvTtApp6?g_st=iw<\/a><\/p>\n<p>Invitiamo i cittadini sabato 24 e domenica 25 febbraio a venirci a trovare in occasione del progetto del mercato contadino a <b>Cinecitt\u00e0 est<\/b>, a condividere il nostro progetto di filiera corta, a cambiare l\u2019impatto sul mondo \u201c<b>sostenendo un\u2019agricoltura sostenibile\u201d.<\/b>\u00a0A dire tanti \u201cNO\u201d con un \u201cSI\u2019\u201d al nostro mercato contadino!<\/p>\n<p>Presenti anche le associazioni del territorio per raccontare ai cittadini il proprio lavoro ed i propri progetti.<\/p>\n<p>Tutti sono invitati a portare sempre con s\u00e9 la sporta per evitare lo spreco di involucri! Sosteniamo le piccole aziende agricole a conduzione familiare!<\/p>\n<p>Buon cibo!<\/p>\n<p>Rete Mercato Contadino Roma e Castelli Romani<\/p>\n<p>#mercatocontadinoromacastelliromani #filieracorta #km0 #buoncibo\u00a0#MercatoContadinoRoma #CastelliRomani #CinecittaEst #TorreSpaccata #AgricolturaSostenibile #ProdottiLocali #FilieraCorta #KM0 #CiboDiQualit\u00e0 #AgricolturaLocale #ProdottiBiologici #Degustazioni #SupportoAgricoltori #Comunit\u00e0Locale #AmbienteEAgroalimentare #PastaMadre #ProdottiDOP #ProdottiIGP #AlimentazioneSana #Sostenibilit\u00e0Ambientale\u00a0#RomaFoodPolicy #SustainableDevelopmentGoals #DirittoAlCibo #PiccoliProduttori #CiboBiologico #ContrastoSpreco #EducazioneAlimentare #FoodGovernance #ProduzioneLocale #Agroecologia #MercatiLocali #EconomiaSolidale #FiliereAlternative #ContrastoSprechi #Povert\u00e0Alimentare #EducazioneSostenibile #CulturaGastronomica #ProtezioneSuolo<\/p>\n<p>INFO +39 3898830642\u00a0<a href=\"mailto:info@mercatocontadino.org\">info@mercatocontadino.org<\/a><\/p>\n<p><a href=\"https:\/\/www.facebook.com\/pages\/Mercato-Contadino-Castelli-Romani\/147872315307230\">Seguici su Facebook<\/a><\/p>\n<p><a href=\"https:\/\/www.instagram.com\/mercaticontadiniromacastelli\/?hl=it\">Seguici su Instagram<\/a><\/p>\n\n<div class=\"wpcf7 no-js\" id=\"wpcf7-f3834-o1\" lang=\"it-IT\" dir=\"ltr\">\n<div class=\"screen-reader-response\"><p role=\"status\" aria-live=\"polite\" aria-atomic=\"true\"><\/p> <ul><\/ul><\/div>\n<form action=\"\/public\/wp-json\/wp\/v2\/posts\/3841#wpcf7-f3834-o1\" method=\"post\" class=\"wpcf7-form init\" aria-label=\"Modulo di contatto\" novalidate=\"novalidate\" data-status=\"init\">\n<div style=\"display: none;\">\n<input type=\"hidden\" name=\"_wpcf7\" value=\"3834\" \/>\n<input type=\"hidden\" name=\"_wpcf7_version\" value=\"5.9.8\" \/>\n<input type=\"hidden\" name=\"_wpcf7_locale\" value=\"it_IT\" \/>\n<input type=\"hidden\" name=\"_wpcf7_unit_tag\" value=\"wpcf7-f3834-o1\" \/>\n<input type=\"hidden\" name=\"_wpcf7_container_post\" value=\"0\" \/>\n<input type=\"hidden\" name=\"_wpcf7_posted_data_hash\" value=\"\" \/>\n<\/div>\n<div class=\"be-updated-form\" style=\"background-color: #d9ffc4; padding: 25px; margin-bottom: 25px;\">\n\t<h2>RESTA AGGIORNATO SUL MERCATO CONTADINO CAPANNELLE\n\t<\/h2>\n\t<p>Ti avvertiremo sulle novit\u00e0 relative al Mercato Contadino Capannelle\n\t<\/p>\n\t<p><label STYLE=\"FONT-WEIGHT:BOLD;\"> La tua email<br \/>\n<span class=\"wpcf7-form-control-wrap\" data-name=\"your-email\"><input size=\"40\" maxlength=\"400\" class=\"wpcf7-form-control wpcf7-email wpcf7-validates-as-required wpcf7-text wpcf7-validates-as-email\" aria-required=\"true\" aria-invalid=\"false\" value=\"\" type=\"email\" name=\"your-email\" \/><\/span> <\/label><br \/>\n<input class=\"wpcf7-form-control wpcf7-submit has-spinner\" type=\"submit\" value=\"Invia\" \/>\n\t<\/p>\n<\/div><div class=\"wpcf7-response-output\" aria-hidden=\"true\"><\/div>\n<\/form>\n<\/div>\n\n<p>&nbsp;<\/p>\n<p>&nbsp;<\/p>\n","protected":false},"excerpt":{"rendered":"<p>\ud83d\udc68\u200d\ud83c\udf3e\ud83c\udf1f Cari cittadini, \ud83d\udce2 vi comunichiamo che in attesa dell&#8217;imminente riapertura del Mercato Contadino Capannelle, vi aspettiamo anche sabato 24 e domenica 25 febbraio 2024 presso l\u2019area verde di Cinecitt\u00e0 Est in via di torre&#8230;<\/p>\n","protected":false},"author":1,"featured_media":3842,"comment_status":"closed","ping_status":"open","sticky":false,"template":"","format":"standard","meta":{"footnotes":""},"categories":[5,6,11],"tags":[],"yoast_head":"<!-- This site is optimized with the Yoast SEO plugin v23.6 - https:\/\/yoast.com\/wordpress\/plugins\/seo\/ -->\r\n<title>Mercato Contadino Capannelle a Cinecitt\u00e0 anche Sabato 24 Febbraio e Domenica 25 Febbraio 2024 - Mercato Contadino Roma e Castelli Romani<\/title>\r\n<meta name=\"robots\" content=\"index, follow, max-snippet:-1, max-image-preview:large, max-video-preview:-1\" \/>\r\n<link rel=\"canonical\" href=\"https:\/\/www.mercatocontadino.org\/public\/mercato-contadino-capannelle-cinecitta-anche-sabato-24-febbraio-domenica-25-febbraio-2024\/\" \/>\r\n<meta property=\"og:locale\" content=\"it_IT\" \/>\r\n<meta property=\"og:type\" content=\"article\" \/>\r\n<meta property=\"og:title\" content=\"Mercato Contadino Capannelle a Cinecitt\u00e0 anche Sabato 24 Febbraio e Domenica 25 Febbraio 2024 - Mercato Contadino Roma e Castelli Romani\" \/>\r\n<meta property=\"og:description\" content=\"\ud83d\udc68\u200d\ud83c\udf3e\ud83c\udf1f Cari cittadini, \ud83d\udce2 vi comunichiamo che in attesa dell&#8217;imminente riapertura del Mercato Contadino Capannelle, vi aspettiamo anche sabato 24 e domenica 25 febbraio 2024 presso l\u2019area verde di Cinecitt\u00e0 Est in via di torre...\" \/>\r\n<meta property=\"og:url\" content=\"https:\/\/www.mercatocontadino.org\/public\/mercato-contadino-capannelle-cinecitta-anche-sabato-24-febbraio-domenica-25-febbraio-2024\/\" \/>\r\n<meta property=\"og:site_name\" content=\"Mercato Contadino Roma e Castelli Romani\" \/>\r\n<meta property=\"article:published_time\" content=\"2024-02-23T16:40:48+00:00\" \/>\r\n<meta property=\"og:image\" content=\"https:\/\/www.mercatocontadino.org\/public\/wp-content\/uploads\/2024\/02\/cinecitta-capannelle-mercato-contadino-roma.jpg\" \/>\r\n\t<meta property=\"og:image:width\" content=\"1500\" \/>\r\n\t<meta property=\"og:image:height\" content=\"1904\" \/>\r\n\t<meta property=\"og:image:type\" content=\"image\/jpeg\" \/>\r\n<meta name=\"author\" content=\"ilmercatocontadino\" \/>\r\n<meta name=\"twitter:card\" content=\"summary_large_image\" \/>\r\n<meta name=\"twitter:label1\" content=\"Scritto da\" \/>\n\t<meta name=\"twitter:data1\" content=\"ilmercatocontadino\" \/>\n\t<meta name=\"twitter:label2\" content=\"Tempo di lettura stimato\" \/>\n\t<meta name=\"twitter:data2\" content=\"1 minuto\" \/>\r\n<script type=\"application\/ld+json\" class=\"yoast-schema-graph\">{\"@context\":\"https:\/\/schema.org\",\"@graph\":[{\"@type\":\"WebPage\",\"@id\":\"https:\/\/www.mercatocontadino.org\/public\/mercato-contadino-capannelle-cinecitta-anche-sabato-24-febbraio-domenica-25-febbraio-2024\/\",\"url\":\"https:\/\/www.mercatocontadino.org\/public\/mercato-contadino-capannelle-cinecitta-anche-sabato-24-febbraio-domenica-25-febbraio-2024\/\",\"name\":\"Mercato Contadino Capannelle a Cinecitt\u00e0 anche Sabato 24 Febbraio e Domenica 25 Febbraio 2024 - Mercato Contadino Roma e Castelli Romani\",\"isPartOf\":{\"@id\":\"https:\/\/www.mercatocontadino.org\/public\/#website\"},\"primaryImageOfPage\":{\"@id\":\"https:\/\/www.mercatocontadino.org\/public\/mercato-contadino-capannelle-cinecitta-anche-sabato-24-febbraio-domenica-25-febbraio-2024\/#primaryimage\"},\"image\":{\"@id\":\"https:\/\/www.mercatocontadino.org\/public\/mercato-contadino-capannelle-cinecitta-anche-sabato-24-febbraio-domenica-25-febbraio-2024\/#primaryimage\"},\"thumbnailUrl\":\"https:\/\/www.mercatocontadino.org\/public\/wp-content\/uploads\/2024\/02\/cinecitta-capannelle-mercato-contadino-roma.jpg\",\"datePublished\":\"2024-02-23T16:40:48+00:00\",\"dateModified\":\"2024-02-23T16:40:48+00:00\",\"author\":{\"@id\":\"https:\/\/www.mercatocontadino.org\/public\/#\/schema\/person\/e4f15832d1f5c32f0800d694f83a60b0\"},\"breadcrumb\":{\"@id\":\"https:\/\/www.mercatocontadino.org\/public\/mercato-contadino-capannelle-cinecitta-anche-sabato-24-febbraio-domenica-25-febbraio-2024\/#breadcrumb\"},\"inLanguage\":\"it-IT\",\"potentialAction\":[{\"@type\":\"ReadAction\",\"target\":[\"https:\/\/www.mercatocontadino.org\/public\/mercato-contadino-capannelle-cinecitta-anche-sabato-24-febbraio-domenica-25-febbraio-2024\/\"]}]},{\"@type\":\"ImageObject\",\"inLanguage\":\"it-IT\",\"@id\":\"https:\/\/www.mercatocontadino.org\/public\/mercato-contadino-capannelle-cinecitta-anche-sabato-24-febbraio-domenica-25-febbraio-2024\/#primaryimage\",\"url\":\"https:\/\/www.mercatocontadino.org\/public\/wp-content\/uploads\/2024\/02\/cinecitta-capannelle-mercato-contadino-roma.jpg\",\"contentUrl\":\"https:\/\/www.mercatocontadino.org\/public\/wp-content\/uploads\/2024\/02\/cinecitta-capannelle-mercato-contadino-roma.jpg\",\"width\":1500,\"height\":1904,\"caption\":\"cinecitta capannelle mercato contadino roma\"},{\"@type\":\"BreadcrumbList\",\"@id\":\"https:\/\/www.mercatocontadino.org\/public\/mercato-contadino-capannelle-cinecitta-anche-sabato-24-febbraio-domenica-25-febbraio-2024\/#breadcrumb\",\"itemListElement\":[{\"@type\":\"ListItem\",\"position\":1,\"name\":\"Home\",\"item\":\"https:\/\/www.mercatocontadino.org\/public\/\"},{\"@type\":\"ListItem\",\"position\":2,\"name\":\"Mercato Contadino Capannelle a Cinecitt\u00e0 anche Sabato 24 Febbraio e Domenica 25 Febbraio 2024\"}]},{\"@type\":\"WebSite\",\"@id\":\"https:\/\/www.mercatocontadino.org\/public\/#website\",\"url\":\"https:\/\/www.mercatocontadino.org\/public\/\",\"name\":\"Mercato Contadino Roma e Castelli Romani\",\"description\":\"Diffondiamo Prodotti Agroalimentari di Qualit\u00e0, Km0, di Filiera Corta\",\"potentialAction\":[{\"@type\":\"SearchAction\",\"target\":{\"@type\":\"EntryPoint\",\"urlTemplate\":\"https:\/\/www.mercatocontadino.org\/public\/?s={search_term_string}\"},\"query-input\":{\"@type\":\"PropertyValueSpecification\",\"valueRequired\":true,\"valueName\":\"search_term_string\"}}],\"inLanguage\":\"it-IT\"},{\"@type\":\"Person\",\"@id\":\"https:\/\/www.mercatocontadino.org\/public\/#\/schema\/person\/e4f15832d1f5c32f0800d694f83a60b0\",\"name\":\"ilmercatocontadino\",\"image\":{\"@type\":\"ImageObject\",\"inLanguage\":\"it-IT\",\"@id\":\"https:\/\/www.mercatocontadino.org\/public\/#\/schema\/person\/image\/\",\"url\":\"https:\/\/secure.gravatar.com\/avatar\/6be7c69f945bd40eac48b275f27f29e4?s=96&d=mm&r=g\",\"contentUrl\":\"https:\/\/secure.gravatar.com\/avatar\/6be7c69f945bd40eac48b275f27f29e4?s=96&d=mm&r=g\",\"caption\":\"ilmercatocontadino\"},\"url\":\"https:\/\/www.mercatocontadino.org\/public\/author\/ilmercatocontadino\/\"}]}<\/script>\r\n<!-- \/ Yoast SEO plugin. -->","yoast_head_json":{"title":"Mercato Contadino Capannelle a Cinecitt\u00e0 anche Sabato 24 Febbraio e Domenica 25 Febbraio 2024 - Mercato Contadino Roma e Castelli Romani","robots":{"index":"index","follow":"follow","max-snippet":"max-snippet:-1","max-image-preview":"max-image-preview:large","max-video-preview":"max-video-preview:-1"},"canonical":"https:\/\/www.mercatocontadino.org\/public\/mercato-contadino-capannelle-cinecitta-anche-sabato-24-febbraio-domenica-25-febbraio-2024\/","og_locale":"it_IT","og_type":"article","og_title":"Mercato Contadino Capannelle a Cinecitt\u00e0 anche Sabato 24 Febbraio e Domenica 25 Febbraio 2024 - Mercato Contadino Roma e Castelli Romani","og_description":"\ud83d\udc68\u200d\ud83c\udf3e\ud83c\udf1f Cari cittadini, \ud83d\udce2 vi comunichiamo che in attesa dell&#8217;imminente riapertura del Mercato Contadino Capannelle, vi aspettiamo anche sabato 24 e domenica 25 febbraio 2024 presso l\u2019area verde di Cinecitt\u00e0 Est in via di torre...","og_url":"https:\/\/www.mercatocontadino.org\/public\/mercato-contadino-capannelle-cinecitta-anche-sabato-24-febbraio-domenica-25-febbraio-2024\/","og_site_name":"Mercato Contadino Roma e Castelli Romani","article_published_time":"2024-02-23T16:40:48+00:00","og_image":[{"width":1500,"height":1904,"url":"https:\/\/www.mercatocontadino.org\/public\/wp-content\/uploads\/2024\/02\/cinecitta-capannelle-mercato-contadino-roma.jpg","type":"image\/jpeg"}],"author":"ilmercatocontadino","twitter_card":"summary_large_image","twitter_misc":{"Scritto da":"ilmercatocontadino","Tempo di lettura stimato":"1 minuto"},"schema":{"@context":"https:\/\/schema.org","@graph":[{"@type":"WebPage","@id":"https:\/\/www.mercatocontadino.org\/public\/mercato-contadino-capannelle-cinecitta-anche-sabato-24-febbraio-domenica-25-febbraio-2024\/","url":"https:\/\/www.mercatocontadino.org\/public\/mercato-contadino-capannelle-cinecitta-anche-sabato-24-febbraio-domenica-25-febbraio-2024\/","name":"Mercato Contadino Capannelle a Cinecitt\u00e0 anche Sabato 24 Febbraio e Domenica 25 Febbraio 2024 - Mercato Contadino Roma e Castelli Romani","isPartOf":{"@id":"https:\/\/www.mercatocontadino.org\/public\/#website"},"primaryImageOfPage":{"@id":"https:\/\/www.mercatocontadino.org\/public\/mercato-contadino-capannelle-cinecitta-anche-sabato-24-febbraio-domenica-25-febbraio-2024\/#primaryimage"},"image":{"@id":"https:\/\/www.mercatocontadino.org\/public\/mercato-contadino-capannelle-cinecitta-anche-sabato-24-febbraio-domenica-25-febbraio-2024\/#primaryimage"},"thumbnailUrl":"https:\/\/www.mercatocontadino.org\/public\/wp-content\/uploads\/2024\/02\/cinecitta-capannelle-mercato-contadino-roma.jpg","datePublished":"2024-02-23T16:40:48+00:00","dateModified":"2024-02-23T16:40:48+00:00","author":{"@id":"https:\/\/www.mercatocontadino.org\/public\/#\/schema\/person\/e4f15832d1f5c32f0800d694f83a60b0"},"breadcrumb":{"@id":"https:\/\/www.mercatocontadino.org\/public\/mercato-contadino-capannelle-cinecitta-anche-sabato-24-febbraio-domenica-25-febbraio-2024\/#breadcrumb"},"inLanguage":"it-IT","potentialAction":[{"@type":"ReadAction","target":["https:\/\/www.mercatocontadino.org\/public\/mercato-contadino-capannelle-cinecitta-anche-sabato-24-febbraio-domenica-25-febbraio-2024\/"]}]},{"@type":"ImageObject","inLanguage":"it-IT","@id":"https:\/\/www.mercatocontadino.org\/public\/mercato-contadino-capannelle-cinecitta-anche-sabato-24-febbraio-domenica-25-febbraio-2024\/#primaryimage","url":"https:\/\/www.mercatocontadino.org\/public\/wp-content\/uploads\/2024\/02\/cinecitta-capannelle-mercato-contadino-roma.jpg","contentUrl":"https:\/\/www.mercatocontadino.org\/public\/wp-content\/uploads\/2024\/02\/cinecitta-capannelle-mercato-contadino-roma.jpg","width":1500,"height":1904,"caption":"cinecitta capannelle mercato contadino roma"},{"@type":"BreadcrumbList","@id":"https:\/\/www.mercatocontadino.org\/public\/mercato-contadino-capannelle-cinecitta-anche-sabato-24-febbraio-domenica-25-febbraio-2024\/#breadcrumb","itemListElement":[{"@type":"ListItem","position":1,"name":"Home","item":"https:\/\/www.mercatocontadino.org\/public\/"},{"@type":"ListItem","position":2,"name":"Mercato Contadino Capannelle a Cinecitt\u00e0 anche Sabato 24 Febbraio e Domenica 25 Febbraio 2024"}]},{"@type":"WebSite","@id":"https:\/\/www.mercatocontadino.org\/public\/#website","url":"https:\/\/www.mercatocontadino.org\/public\/","name":"Mercato Contadino Roma e Castelli Romani","description":"Diffondiamo Prodotti Agroalimentari di Qualit\u00e0, Km0, di Filiera Corta","potentialAction":[{"@type":"SearchAction","target":{"@type":"EntryPoint","urlTemplate":"https:\/\/www.mercatocontadino.org\/public\/?s={search_term_string}"},"query-input":{"@type":"PropertyValueSpecification","valueRequired":true,"valueName":"search_term_string"}}],"inLanguage":"it-IT"},{"@type":"Person","@id":"https:\/\/www.mercatocontadino.org\/public\/#\/schema\/person\/e4f15832d1f5c32f0800d694f83a60b0","name":"ilmercatocontadino","image":{"@type":"ImageObject","inLanguage":"it-IT","@id":"https:\/\/www.mercatocontadino.org\/public\/#\/schema\/person\/image\/","url":"https:\/\/secure.gravatar.com\/avatar\/6be7c69f945bd40eac48b275f27f29e4?s=96&d=mm&r=g","contentUrl":"https:\/\/secure.gravatar.com\/avatar\/6be7c69f945bd40eac48b275f27f29e4?s=96&d=mm&r=g","caption":"ilmercatocontadino"},"url":"https:\/\/www.mercatocontadino.org\/public\/author\/ilmercatocontadino\/"}]}},"_links":{"self":[{"href":"https:\/\/www.mercatocontadino.org\/public\/wp-json\/wp\/v2\/posts\/3841"}],"collection":[{"href":"https:\/\/www.mercatocontadino.org\/public\/wp-json\/wp\/v2\/posts"}],"about":[{"href":"https:\/\/www.mercatocontadino.org\/public\/wp-json\/wp\/v2\/types\/post"}],"author":[{"embeddable":true,"href":"https:\/\/www.mercatocontadino.org\/public\/wp-json\/wp\/v2\/users\/1"}],"replies":[{"embeddable":true,"href":"https:\/\/www.mercatocontadino.org\/public\/wp-json\/wp\/v2\/comments?post=3841"}],"version-history":[{"count":1,"href":"https:\/\/www.mercatocontadino.org\/public\/wp-json\/wp\/v2\/posts\/3841\/revisions"}],"predecessor-version":[{"id":3843,"href":"https:\/\/www.mercatocontadino.org\/public\/wp-json\/wp\/v2\/posts\/3841\/revisions\/3843"}],"wp:featuredmedia":[{"embeddable":true,"href":"https:\/\/www.mercatocontadino.org\/public\/wp-json\/wp\/v2\/media\/3842"}],"wp:attachment":[{"href":"https:\/\/www.mercatocontadino.org\/public\/wp-json\/wp\/v2\/media?parent=3841"}],"wp:term":[{"taxonomy":"category","embeddable":true,"href":"https:\/\/www.mercatocontadino.org\/public\/wp-json\/wp\/v2\/categories?post=3841"},{"taxonomy":"post_tag","embeddable":true,"href":"https:\/\/www.mercatocontadino.org\/public\/wp-json\/wp\/v2\/tags?post=3841"}],"curies":[{"name":"wp","href":"https:\/\/api.w.org\/{rel}","templated":true}]}}