{"id":3824,"date":"2024-02-09T21:03:00","date_gmt":"2024-02-09T20:03:00","guid":{"rendered":"https:\/\/www.mercatocontadino.org\/public\/?p=3824"},"modified":"2024-02-15T15:30:01","modified_gmt":"2024-02-15T14:30:01","slug":"mercato-contadino-roma-capannelle-sabato-domenica-febbraio-2024","status":"publish","type":"post","link":"https:\/\/www.mercatocontadino.org\/public\/mercato-contadino-roma-capannelle-sabato-domenica-febbraio-2024\/","title":{"rendered":"Mercato Contadino Capannelle sospeso sabato 10 e domenica 11 febbraio 2024"},"content":{"rendered":"<p>Siamo spiacenti di dover annunciare a tutti i nostri stimati cittadini, a causa di circostanze al di fuori del nostro controllo, la sospensione del Mercato Contadino Capannelle per questo fine settimana, sabato 10 e domenica 11 febbraio 2024.<\/p>\n\n<div class=\"wpcf7 no-js\" id=\"wpcf7-f3834-o1\" lang=\"it-IT\" dir=\"ltr\">\n<div class=\"screen-reader-response\"><p role=\"status\" aria-live=\"polite\" aria-atomic=\"true\"><\/p> <ul><\/ul><\/div>\n<form action=\"\/public\/wp-json\/wp\/v2\/posts\/3824#wpcf7-f3834-o1\" method=\"post\" class=\"wpcf7-form init\" aria-label=\"Modulo di contatto\" novalidate=\"novalidate\" data-status=\"init\">\n<div style=\"display: none;\">\n<input type=\"hidden\" name=\"_wpcf7\" value=\"3834\" \/>\n<input type=\"hidden\" name=\"_wpcf7_version\" value=\"5.9.8\" \/>\n<input type=\"hidden\" name=\"_wpcf7_locale\" value=\"it_IT\" \/>\n<input type=\"hidden\" name=\"_wpcf7_unit_tag\" value=\"wpcf7-f3834-o1\" \/>\n<input type=\"hidden\" name=\"_wpcf7_container_post\" value=\"0\" \/>\n<input type=\"hidden\" name=\"_wpcf7_posted_data_hash\" value=\"\" \/>\n<\/div>\n<div class=\"be-updated-form\" style=\"background-color: #d9ffc4; padding: 25px; margin-bottom: 25px;\">\n\t<h2>RESTA AGGIORNATO SUL MERCATO CONTADINO CAPANNELLE\n\t<\/h2>\n\t<p>Ti avvertiremo sulle novit\u00e0 relative al Mercato Contadino Capannelle\n\t<\/p>\n\t<p><label STYLE=\"FONT-WEIGHT:BOLD;\"> La tua email<br \/>\n<span class=\"wpcf7-form-control-wrap\" data-name=\"your-email\"><input size=\"40\" maxlength=\"400\" class=\"wpcf7-form-control wpcf7-email wpcf7-validates-as-required wpcf7-text wpcf7-validates-as-email\" aria-required=\"true\" aria-invalid=\"false\" value=\"\" type=\"email\" name=\"your-email\" \/><\/span> <\/label><br \/>\n<input class=\"wpcf7-form-control wpcf7-submit has-spinner\" type=\"submit\" value=\"Invia\" \/>\n\t<\/p>\n<\/div><div class=\"wpcf7-response-output\" aria-hidden=\"true\"><\/div>\n<\/form>\n<\/div>\n\n<p>Questa decisione non \u00e8 stata presa per nostra volont\u00e0 e comprendiamo l&#8217;importanza e l&#8217;impatto che tale situazione ha per tutta la comunit\u00e0 di Capannelle. Ci stiamo impegnando costantemente per risolvere la questione e ci auguriamo di riprendere al pi\u00f9 presto.<\/p>\n<p>Vi ringraziamo profondamente per la vostra comprensione e per il grande supporto che state dimostrando.<\/p>\n<p>Per ulteriori aggiornamenti, vi invitiamo a consultare regolarmente i nostri canali ufficiali di comunicazione.<\/p>\n<p><a href=\"https:\/\/www.mercatocontadino.org\/public\/quando-e-dove-mercato-contadino-roma-castelli-romani\/\" target=\"_blank\" rel=\"noopener\">SCOPRI TUTTI GLI ALTRI MERCATI APERTI<\/a><\/p>\n\n<div class=\"wpcf7 no-js\" id=\"wpcf7-f3834-o2\" lang=\"it-IT\" dir=\"ltr\">\n<div class=\"screen-reader-response\"><p role=\"status\" aria-live=\"polite\" aria-atomic=\"true\"><\/p> <ul><\/ul><\/div>\n<form action=\"\/public\/wp-json\/wp\/v2\/posts\/3824#wpcf7-f3834-o2\" method=\"post\" class=\"wpcf7-form init\" aria-label=\"Modulo di contatto\" novalidate=\"novalidate\" data-status=\"init\">\n<div style=\"display: none;\">\n<input type=\"hidden\" name=\"_wpcf7\" value=\"3834\" \/>\n<input type=\"hidden\" name=\"_wpcf7_version\" value=\"5.9.8\" \/>\n<input type=\"hidden\" name=\"_wpcf7_locale\" value=\"it_IT\" \/>\n<input type=\"hidden\" name=\"_wpcf7_unit_tag\" value=\"wpcf7-f3834-o2\" \/>\n<input type=\"hidden\" name=\"_wpcf7_container_post\" value=\"0\" \/>\n<input type=\"hidden\" name=\"_wpcf7_posted_data_hash\" value=\"\" \/>\n<\/div>\n<div class=\"be-updated-form\" style=\"background-color: #d9ffc4; padding: 25px; margin-bottom: 25px;\">\n\t<h2>RESTA AGGIORNATO SUL MERCATO CONTADINO CAPANNELLE\n\t<\/h2>\n\t<p>Ti avvertiremo sulle novit\u00e0 relative al Mercato Contadino Capannelle\n\t<\/p>\n\t<p><label STYLE=\"FONT-WEIGHT:BOLD;\"> La tua email<br \/>\n<span class=\"wpcf7-form-control-wrap\" data-name=\"your-email\"><input size=\"40\" maxlength=\"400\" class=\"wpcf7-form-control wpcf7-email wpcf7-validates-as-required wpcf7-text wpcf7-validates-as-email\" aria-required=\"true\" aria-invalid=\"false\" value=\"\" type=\"email\" name=\"your-email\" \/><\/span> <\/label><br \/>\n<input class=\"wpcf7-form-control wpcf7-submit has-spinner\" type=\"submit\" value=\"Invia\" \/>\n\t<\/p>\n<\/div><div class=\"wpcf7-response-output\" aria-hidden=\"true\"><\/div>\n<\/form>\n<\/div>\n\n","protected":false},"excerpt":{"rendered":"<p>Siamo spiacenti di dover annunciare a tutti i nostri stimati cittadini, a causa di circostanze al di fuori del nostro controllo, la sospensione del Mercato Contadino Capannelle per questo fine settimana, sabato 10 e domenica&#8230;<\/p>\n","protected":false},"author":1,"featured_media":3825,"comment_status":"closed","ping_status":"open","sticky":false,"template":"","format":"standard","meta":{"footnotes":""},"categories":[6,11],"tags":[],"yoast_head":"<!-- This site is optimized with the Yoast SEO plugin v23.6 - https:\/\/yoast.com\/wordpress\/plugins\/seo\/ -->\r\n<title>Mercato Contadino Capannelle sospeso sabato 10 e domenica 11 febbraio 2024 - Mercato Contadino Roma e Castelli Romani<\/title>\r\n<meta name=\"robots\" content=\"index, follow, max-snippet:-1, max-image-preview:large, max-video-preview:-1\" \/>\r\n<link rel=\"canonical\" href=\"https:\/\/www.mercatocontadino.org\/public\/mercato-contadino-roma-capannelle-sabato-domenica-febbraio-2024\/\" \/>\r\n<meta property=\"og:locale\" content=\"it_IT\" \/>\r\n<meta property=\"og:type\" content=\"article\" \/>\r\n<meta property=\"og:title\" content=\"Mercato Contadino Capannelle sospeso sabato 10 e domenica 11 febbraio 2024 - Mercato Contadino Roma e Castelli Romani\" \/>\r\n<meta property=\"og:description\" content=\"Siamo spiacenti di dover annunciare a tutti i nostri stimati cittadini, a causa di circostanze al di fuori del nostro controllo, la sospensione del Mercato Contadino Capannelle per questo fine settimana, sabato 10 e domenica...\" \/>\r\n<meta property=\"og:url\" content=\"https:\/\/www.mercatocontadino.org\/public\/mercato-contadino-roma-capannelle-sabato-domenica-febbraio-2024\/\" \/>\r\n<meta property=\"og:site_name\" content=\"Mercato Contadino Roma e Castelli Romani\" \/>\r\n<meta property=\"article:published_time\" content=\"2024-02-09T20:03:00+00:00\" \/>\r\n<meta property=\"article:modified_time\" content=\"2024-02-15T14:30:01+00:00\" \/>\r\n<meta property=\"og:image\" content=\"https:\/\/www.mercatocontadino.org\/public\/wp-content\/uploads\/2024\/02\/mercato-capannelle-supporta-i-contadini-1.jpg\" \/>\r\n\t<meta property=\"og:image:width\" content=\"1941\" \/>\r\n\t<meta property=\"og:image:height\" content=\"1289\" \/>\r\n\t<meta property=\"og:image:type\" content=\"image\/jpeg\" \/>\r\n<meta name=\"author\" content=\"ilmercatocontadino\" \/>\r\n<meta name=\"twitter:card\" content=\"summary_large_image\" \/>\r\n<meta name=\"twitter:label1\" content=\"Scritto da\" \/>\n\t<meta name=\"twitter:data1\" content=\"ilmercatocontadino\" \/>\n\t<meta name=\"twitter:label2\" content=\"Tempo di lettura stimato\" \/>\n\t<meta name=\"twitter:data2\" content=\"1 minuto\" \/>\r\n<script type=\"application\/ld+json\" class=\"yoast-schema-graph\">{\"@context\":\"https:\/\/schema.org\",\"@graph\":[{\"@type\":\"WebPage\",\"@id\":\"https:\/\/www.mercatocontadino.org\/public\/mercato-contadino-roma-capannelle-sabato-domenica-febbraio-2024\/\",\"url\":\"https:\/\/www.mercatocontadino.org\/public\/mercato-contadino-roma-capannelle-sabato-domenica-febbraio-2024\/\",\"name\":\"Mercato Contadino Capannelle sospeso sabato 10 e domenica 11 febbraio 2024 - Mercato Contadino Roma e Castelli Romani\",\"isPartOf\":{\"@id\":\"https:\/\/www.mercatocontadino.org\/public\/#website\"},\"primaryImageOfPage\":{\"@id\":\"https:\/\/www.mercatocontadino.org\/public\/mercato-contadino-roma-capannelle-sabato-domenica-febbraio-2024\/#primaryimage\"},\"image\":{\"@id\":\"https:\/\/www.mercatocontadino.org\/public\/mercato-contadino-roma-capannelle-sabato-domenica-febbraio-2024\/#primaryimage\"},\"thumbnailUrl\":\"https:\/\/www.mercatocontadino.org\/public\/wp-content\/uploads\/2024\/02\/mercato-capannelle-supporta-i-contadini-1.jpg\",\"datePublished\":\"2024-02-09T20:03:00+00:00\",\"dateModified\":\"2024-02-15T14:30:01+00:00\",\"author\":{\"@id\":\"https:\/\/www.mercatocontadino.org\/public\/#\/schema\/person\/e4f15832d1f5c32f0800d694f83a60b0\"},\"breadcrumb\":{\"@id\":\"https:\/\/www.mercatocontadino.org\/public\/mercato-contadino-roma-capannelle-sabato-domenica-febbraio-2024\/#breadcrumb\"},\"inLanguage\":\"it-IT\",\"potentialAction\":[{\"@type\":\"ReadAction\",\"target\":[\"https:\/\/www.mercatocontadino.org\/public\/mercato-contadino-roma-capannelle-sabato-domenica-febbraio-2024\/\"]}]},{\"@type\":\"ImageObject\",\"inLanguage\":\"it-IT\",\"@id\":\"https:\/\/www.mercatocontadino.org\/public\/mercato-contadino-roma-capannelle-sabato-domenica-febbraio-2024\/#primaryimage\",\"url\":\"https:\/\/www.mercatocontadino.org\/public\/wp-content\/uploads\/2024\/02\/mercato-capannelle-supporta-i-contadini-1.jpg\",\"contentUrl\":\"https:\/\/www.mercatocontadino.org\/public\/wp-content\/uploads\/2024\/02\/mercato-capannelle-supporta-i-contadini-1.jpg\",\"width\":1941,\"height\":1289,\"caption\":\"mercato contadino roma capannelle farmer market\"},{\"@type\":\"BreadcrumbList\",\"@id\":\"https:\/\/www.mercatocontadino.org\/public\/mercato-contadino-roma-capannelle-sabato-domenica-febbraio-2024\/#breadcrumb\",\"itemListElement\":[{\"@type\":\"ListItem\",\"position\":1,\"name\":\"Home\",\"item\":\"https:\/\/www.mercatocontadino.org\/public\/\"},{\"@type\":\"ListItem\",\"position\":2,\"name\":\"Mercato Contadino Capannelle sospeso sabato 10 e domenica 11 febbraio 2024\"}]},{\"@type\":\"WebSite\",\"@id\":\"https:\/\/www.mercatocontadino.org\/public\/#website\",\"url\":\"https:\/\/www.mercatocontadino.org\/public\/\",\"name\":\"Mercato Contadino Roma e Castelli Romani\",\"description\":\"Diffondiamo Prodotti Agroalimentari di Qualit\u00e0, Km0, di Filiera Corta\",\"potentialAction\":[{\"@type\":\"SearchAction\",\"target\":{\"@type\":\"EntryPoint\",\"urlTemplate\":\"https:\/\/www.mercatocontadino.org\/public\/?s={search_term_string}\"},\"query-input\":{\"@type\":\"PropertyValueSpecification\",\"valueRequired\":true,\"valueName\":\"search_term_string\"}}],\"inLanguage\":\"it-IT\"},{\"@type\":\"Person\",\"@id\":\"https:\/\/www.mercatocontadino.org\/public\/#\/schema\/person\/e4f15832d1f5c32f0800d694f83a60b0\",\"name\":\"ilmercatocontadino\",\"image\":{\"@type\":\"ImageObject\",\"inLanguage\":\"it-IT\",\"@id\":\"https:\/\/www.mercatocontadino.org\/public\/#\/schema\/person\/image\/\",\"url\":\"https:\/\/secure.gravatar.com\/avatar\/6be7c69f945bd40eac48b275f27f29e4?s=96&d=mm&r=g\",\"contentUrl\":\"https:\/\/secure.gravatar.com\/avatar\/6be7c69f945bd40eac48b275f27f29e4?s=96&d=mm&r=g\",\"caption\":\"ilmercatocontadino\"},\"url\":\"https:\/\/www.mercatocontadino.org\/public\/author\/ilmercatocontadino\/\"}]}<\/script>\r\n<!-- \/ Yoast SEO plugin. -->","yoast_head_json":{"title":"Mercato Contadino Capannelle sospeso sabato 10 e domenica 11 febbraio 2024 - Mercato Contadino Roma e Castelli Romani","robots":{"index":"index","follow":"follow","max-snippet":"max-snippet:-1","max-image-preview":"max-image-preview:large","max-video-preview":"max-video-preview:-1"},"canonical":"https:\/\/www.mercatocontadino.org\/public\/mercato-contadino-roma-capannelle-sabato-domenica-febbraio-2024\/","og_locale":"it_IT","og_type":"article","og_title":"Mercato Contadino Capannelle sospeso sabato 10 e domenica 11 febbraio 2024 - Mercato Contadino Roma e Castelli Romani","og_description":"Siamo spiacenti di dover annunciare a tutti i nostri stimati cittadini, a causa di circostanze al di fuori del nostro controllo, la sospensione del Mercato Contadino Capannelle per questo fine settimana, sabato 10 e domenica...","og_url":"https:\/\/www.mercatocontadino.org\/public\/mercato-contadino-roma-capannelle-sabato-domenica-febbraio-2024\/","og_site_name":"Mercato Contadino Roma e Castelli Romani","article_published_time":"2024-02-09T20:03:00+00:00","article_modified_time":"2024-02-15T14:30:01+00:00","og_image":[{"width":1941,"height":1289,"url":"https:\/\/www.mercatocontadino.org\/public\/wp-content\/uploads\/2024\/02\/mercato-capannelle-supporta-i-contadini-1.jpg","type":"image\/jpeg"}],"author":"ilmercatocontadino","twitter_card":"summary_large_image","twitter_misc":{"Scritto da":"ilmercatocontadino","Tempo di lettura stimato":"1 minuto"},"schema":{"@context":"https:\/\/schema.org","@graph":[{"@type":"WebPage","@id":"https:\/\/www.mercatocontadino.org\/public\/mercato-contadino-roma-capannelle-sabato-domenica-febbraio-2024\/","url":"https:\/\/www.mercatocontadino.org\/public\/mercato-contadino-roma-capannelle-sabato-domenica-febbraio-2024\/","name":"Mercato Contadino Capannelle sospeso sabato 10 e domenica 11 febbraio 2024 - Mercato Contadino Roma e Castelli Romani","isPartOf":{"@id":"https:\/\/www.mercatocontadino.org\/public\/#website"},"primaryImageOfPage":{"@id":"https:\/\/www.mercatocontadino.org\/public\/mercato-contadino-roma-capannelle-sabato-domenica-febbraio-2024\/#primaryimage"},"image":{"@id":"https:\/\/www.mercatocontadino.org\/public\/mercato-contadino-roma-capannelle-sabato-domenica-febbraio-2024\/#primaryimage"},"thumbnailUrl":"https:\/\/www.mercatocontadino.org\/public\/wp-content\/uploads\/2024\/02\/mercato-capannelle-supporta-i-contadini-1.jpg","datePublished":"2024-02-09T20:03:00+00:00","dateModified":"2024-02-15T14:30:01+00:00","author":{"@id":"https:\/\/www.mercatocontadino.org\/public\/#\/schema\/person\/e4f15832d1f5c32f0800d694f83a60b0"},"breadcrumb":{"@id":"https:\/\/www.mercatocontadino.org\/public\/mercato-contadino-roma-capannelle-sabato-domenica-febbraio-2024\/#breadcrumb"},"inLanguage":"it-IT","potentialAction":[{"@type":"ReadAction","target":["https:\/\/www.mercatocontadino.org\/public\/mercato-contadino-roma-capannelle-sabato-domenica-febbraio-2024\/"]}]},{"@type":"ImageObject","inLanguage":"it-IT","@id":"https:\/\/www.mercatocontadino.org\/public\/mercato-contadino-roma-capannelle-sabato-domenica-febbraio-2024\/#primaryimage","url":"https:\/\/www.mercatocontadino.org\/public\/wp-content\/uploads\/2024\/02\/mercato-capannelle-supporta-i-contadini-1.jpg","contentUrl":"https:\/\/www.mercatocontadino.org\/public\/wp-content\/uploads\/2024\/02\/mercato-capannelle-supporta-i-contadini-1.jpg","width":1941,"height":1289,"caption":"mercato contadino roma capannelle farmer market"},{"@type":"BreadcrumbList","@id":"https:\/\/www.mercatocontadino.org\/public\/mercato-contadino-roma-capannelle-sabato-domenica-febbraio-2024\/#breadcrumb","itemListElement":[{"@type":"ListItem","position":1,"name":"Home","item":"https:\/\/www.mercatocontadino.org\/public\/"},{"@type":"ListItem","position":2,"name":"Mercato Contadino Capannelle sospeso sabato 10 e domenica 11 febbraio 2024"}]},{"@type":"WebSite","@id":"https:\/\/www.mercatocontadino.org\/public\/#website","url":"https:\/\/www.mercatocontadino.org\/public\/","name":"Mercato Contadino Roma e Castelli Romani","description":"Diffondiamo Prodotti Agroalimentari di Qualit\u00e0, Km0, di Filiera Corta","potentialAction":[{"@type":"SearchAction","target":{"@type":"EntryPoint","urlTemplate":"https:\/\/www.mercatocontadino.org\/public\/?s={search_term_string}"},"query-input":{"@type":"PropertyValueSpecification","valueRequired":true,"valueName":"search_term_string"}}],"inLanguage":"it-IT"},{"@type":"Person","@id":"https:\/\/www.mercatocontadino.org\/public\/#\/schema\/person\/e4f15832d1f5c32f0800d694f83a60b0","name":"ilmercatocontadino","image":{"@type":"ImageObject","inLanguage":"it-IT","@id":"https:\/\/www.mercatocontadino.org\/public\/#\/schema\/person\/image\/","url":"https:\/\/secure.gravatar.com\/avatar\/6be7c69f945bd40eac48b275f27f29e4?s=96&d=mm&r=g","contentUrl":"https:\/\/secure.gravatar.com\/avatar\/6be7c69f945bd40eac48b275f27f29e4?s=96&d=mm&r=g","caption":"ilmercatocontadino"},"url":"https:\/\/www.mercatocontadino.org\/public\/author\/ilmercatocontadino\/"}]}},"_links":{"self":[{"href":"https:\/\/www.mercatocontadino.org\/public\/wp-json\/wp\/v2\/posts\/3824"}],"collection":[{"href":"https:\/\/www.mercatocontadino.org\/public\/wp-json\/wp\/v2\/posts"}],"about":[{"href":"https:\/\/www.mercatocontadino.org\/public\/wp-json\/wp\/v2\/types\/post"}],"author":[{"embeddable":true,"href":"https:\/\/www.mercatocontadino.org\/public\/wp-json\/wp\/v2\/users\/1"}],"replies":[{"embeddable":true,"href":"https:\/\/www.mercatocontadino.org\/public\/wp-json\/wp\/v2\/comments?post=3824"}],"version-history":[{"count":3,"href":"https:\/\/www.mercatocontadino.org\/public\/wp-json\/wp\/v2\/posts\/3824\/revisions"}],"predecessor-version":[{"id":3837,"href":"https:\/\/www.mercatocontadino.org\/public\/wp-json\/wp\/v2\/posts\/3824\/revisions\/3837"}],"wp:featuredmedia":[{"embeddable":true,"href":"https:\/\/www.mercatocontadino.org\/public\/wp-json\/wp\/v2\/media\/3825"}],"wp:attachment":[{"href":"https:\/\/www.mercatocontadino.org\/public\/wp-json\/wp\/v2\/media?parent=3824"}],"wp:term":[{"taxonomy":"category","embeddable":true,"href":"https:\/\/www.mercatocontadino.org\/public\/wp-json\/wp\/v2\/categories?post=3824"},{"taxonomy":"post_tag","embeddable":true,"href":"https:\/\/www.mercatocontadino.org\/public\/wp-json\/wp\/v2\/tags?post=3824"}],"curies":[{"name":"wp","href":"https:\/\/api.w.org\/{rel}","templated":true}]}}