{"id":3770,"date":"2023-11-25T12:40:31","date_gmt":"2023-11-25T11:40:31","guid":{"rendered":"https:\/\/www.mercatocontadino.org\/public\/?p=3770"},"modified":"2023-11-25T12:40:31","modified_gmt":"2023-11-25T11:40:31","slug":"la-polenta-natale-al-mercato-contadino-prenestino","status":"publish","type":"post","link":"https:\/\/www.mercatocontadino.org\/public\/la-polenta-natale-al-mercato-contadino-prenestino\/","title":{"rendered":"La Polenta di Natale al Mercato Contadino Prenestino"},"content":{"rendered":"<h3 class=\"p1\"><span class=\"s1\"><b>Mercatino di Natale, laboratori bambini &#8211; <\/b><\/span><strong><span class=\"s1\">Venerd\u00ec 8 dicembre 2023<\/span><\/strong><\/h3>\n<p class=\"p1\"><span class=\"s1\">Nella splendida cornice di Parco Prampolini (Via Camillo Prampolini, 27 00177) venerd\u00ec 8 dicembre 2023 si svolger\u00e0 l\u2019evento \u201c<b>la Polenta di Natale<\/b> <b>al Mercato Contadino Prenestino\u201d<\/b>.<\/span><\/p>\n<p class=\"p1\"><span class=\"s1\">L\u2019iniziativa si svolge nell\u2019ambito di un\u2019edizione straordinaria del mercato contadino a cui si aggiunge, per l\u2019occasione prenatalizia, un mercatino dell\u2019artigianato all\u2019insegna della creativit\u00e0 e della sostenibilit\u00e0 delle \u201c3 R\u201d (riduci, riusa, ricicla).<\/span><\/p>\n<p class=\"p1\"><span class=\"s1\">Il mercato contadino si svolger\u00e0 dalle 8,30 alle 14,00 mentre il mercatino artigianale di Natale si protrarr\u00e0 fino alle 18 offrendo un\u2019occasione di socializzazione e di crescita culturale per le tante famiglie che frequentano questo bellissimo parco\u2013giardino e per la numerosa popolazione che gravita intorno all\u2019asse viario della Prenestina\/Collatina.<\/span><\/p>\n<p class=\"p1\"><span class=\"s1\">L\u2019iniziativa \u00e8 proposta da <b>St\u2019Orto Prenestino<\/b>, un progetto di agricoltura sociale e multifunzionale che vede la collaborazione tra il Dipartimento Politiche Sociali di ROMA CAPITALE ed il V Municipio, un raggruppamento di cooperative sociali ed agricole, ASL Roma2, la Rete Produttori Mercati Contadini Citt\u00e0 Metropolitana di Roma Capitale e l\u2019Orto Botanico dell\u2019Universit\u00e0 di Tor Vergata. <\/span><\/p>\n<p class=\"p1\"><span class=\"s1\">In questa giornata di festa, dedicata alla famiglia e agli amici, fin dalle ore 12 sar\u00e0 possibile gustare la <b>Polenta di Natale<\/b> come \u201cfatta in casa\u201d, preparata amorevolmente con il mais \u201cquarantino\u201d nel paiolo di rame, grazie all\u2019azienda agricola Umberto Di Pietro di Capena &#8211; il nostro famoso agrichef contadino capocomico &#8211; per far arrivare nei piatti dei frequentatori del mercato contadino una saporita fetta di \u201csole domestico\u201d, che restituisce tutto il sole con cui in estate \u00e8 cresciuta la pannocchia\u201d per citare lo scrittore Carlo Castellaneta.<\/span><\/p>\n<p class=\"p1\"><span class=\"s1\">A questo proposito scriveva cos\u00ec: <i>\u201c\u2026la polenta non \u00e8 solo vivanda; \u00e8 paesaggio, memoria, offerta rituale \u2026 N\u00e9 pu\u00f2 essere consumata in solitudine poich\u00e9 \u00e8 cibo conviviale, da dividere in famiglia o con gli amici, perch\u00e9 non sopporta le piccole dimensioni, quasi vi fosse una legge non scritta tra proporzione e sapidit\u00e0. E del resto gi\u00e0 nel prepararla si sviluppa intorno al fuoco un clima di eccitazione\u2026 Nonostante il nome cos\u00ec poco altisonante, questo panettone dorato acquista ogni volta, appena versato sul tagliere rotondo, una forza ancestrale, uno splendore antico, una benedizione divina, come se ogni polenta arrivasse dalla notte dei tempi<\/i>\u201d<\/span><\/p>\n<p class=\"p1\"><span class=\"s1\">In occasione dell\u2019evento, saranno offerte gratuitamente degustazioni di prodotti e l\u2019opportunit\u00e0 di partecipare a laboratori didattici per bambini e adulti e di fare la spesa a km0 per solidariet\u00e0 con i contadini grazie alle tante aziende agricole presenti.<\/span><\/p>\n<p class=\"p1\"><span class=\"s1\"><b>St\u2019Orto Prenestino<\/b> in un&#8217;atmosfera giocosa, sostenibile e natalizia, propone intrattenimento educativo e divertente. I piccoli partecipanti saranno coinvolti in giochi interattivi e creativi che promuovono la consapevolezza ambientale e il rispetto per il <\/span><\/p>\n<p class=\"p1\"><span class=\"s1\">nostro pianeta. Tematiche come: raccolta differenziata, biodiversit\u00e0 e coltivazione vengono affrontanti attraverso attivit\u00e0 coinvolgenti, con l\u2019obiettivo di coltivare una comprensione precoce dell&#8217;importanza della sostenibilit\u00e0, incoraggiando un approccio divertente e informativo all&#8217;apprendimento.<\/span><\/p>\n<p class=\"p1\"><span class=\"s1\">Per tutti gli interessati sar\u00e0 possibile effettuare la visita al percorso archeologico di Parco Prampolini per una passeggiata nella storia dell\u2019area e per conoscere funzione ed usi dei resti architettonici.<\/span><\/p>\n<p class=\"p1\"><span class=\"s1\">Le aziende del mercato proporranno degustazioni tra prodotti biologici e tipici, con certificazione Igp, Doc e Dop, frutta e verdura appena raccolta, olio extra vergine spremuto a freddo, mozzarelle di bufala, formaggi freschi e stagionati, carne e insaccati, pane lavorato con la pasta madre, uova di galline allevate all\u2019aria aperta e altri prodotti, tra cui confetture e marmellate, farine e legumi, dolci da forno, vini doc, miele e meravigliose Stelle di Natale.<\/span><\/p>\n<p class=\"p1\"><span class=\"s1\">Questo evento rientra nei progetti di rilevanza sociale e ludica previsti nel parco \u2013 dar\u00e0 la possibilit\u00e0 al progetto St\u2019Orto Prenestino di compiere le proprie finalit\u00e0 ed allo stesso tempo offrir\u00e0 ai tanti cittadini l\u2019opportunit\u00e0 di socializzare, crescere culturalmente e di acquistare prodotti alimentari freschissimi e di qualit\u00e0, di filiera corta, direttamente dai produttori di piccole aziende dell\u2019agro-romano e degli altri territori del Lazio.<\/span><\/p>\n<p class=\"p1\"><span class=\"s1\"><b>Ricordiamo che il mercato contadino si svolge presso Parco Prampolini tutti i venerd\u00ec dalle 8,30 alle 13,30, ti invitiamo a venirci a trovare con gli agricoltori a km0 e condividere con noi uno stile di vita pi\u00f9 sostenibile per cambiare il tuo impatto sul mondo. <\/b><\/span><\/p>\n<p class=\"p1\"><span class=\"s1\">Il progetto voluto a Parco Prampolini da Roma Capitale \u00e8 un\u2019esperienza di sviluppo di impresa sociale per l&#8217;integrazione socio-lavorativa di persone fragili e per la diffusione, tra i cittadini del territorio e la popolazione dell\u2019intera citt\u00e0, della \u201ccultura del verde urbano e dell\u2019ambiente\u201d e la promozione di una sensibilit\u00e0 verso la sostenibilit\u00e0 volta anche ad assumere uno stile di vita sano preferendo acquisti cosiddetti a \u201cKm zero\u201d e di filiera corta.<\/span><\/p>\n<p class=\"p1\"><span class=\"s1\">Per un sempre maggior numero di consumatori, la spesa \u00e8 diventata un\u2019occasione di scambio e di comunicazione, con un codice simbolico analogo a quello che si manifesta nelle attivit\u00e0 sociali, nel tempo libero e nell\u2019intrattenimento: i produttori raccontano i propri prodotti e la propria vita su di un \u201cpalcoscenico\u201d in cui il consumatore non \u00e8 pi\u00f9 un soggetto passivo, l\u2019ultimo anello di una filiera lunga in cui il cibo non ha alcun legame con il territorio di consumo e le storie di vita di chi produce ed acquista il cibo. Sosteniamo l\u2019agricoltura sociale e le piccole aziende agricole a conduzione familiare!<\/span><\/p>\n<p class=\"p1\"><span class=\"s1\">Infine un appello a tutte le persone di buon senso a usare il meno possibile la tastiera per ordinare un regalo uguale a tanti altri, ma scegliere quest\u2019anno con il cuore.<\/span><\/p>\n<p class=\"p1\"><span class=\"s1\">Quale migliore occasione per scegliere un dono di Natale di sicuro gradimento? Una bottiglia di vino, un formaggio di qualit\u00e0, una marmellata e gli altri prodotti del mercato contadino sotto l\u2019albero al posto del cibo industriale griffato. I regali di Natale anche quest\u2019anno al mercato contadino saranno unici, creati direttamente dagli artigiani e dai contadini.<\/span><\/p>\n<p class=\"p1\"><span class=\"s1\">Buon cibo!<\/span><\/p>\n<p class=\"p1\"><span class=\"s1\">Infoline messaggi whatsapp 3898830642<\/span><\/p>\n","protected":false},"excerpt":{"rendered":"<p>Mercatino di Natale, laboratori bambini &#8211; Venerd\u00ec 8 dicembre 2023 Nella splendida cornice di Parco Prampolini (Via Camillo Prampolini, 27 00177) venerd\u00ec 8 dicembre 2023 si svolger\u00e0 l\u2019evento \u201cla Polenta di Natale al Mercato Contadino&#8230;<\/p>\n","protected":false},"author":1,"featured_media":3771,"comment_status":"closed","ping_status":"open","sticky":false,"template":"","format":"standard","meta":{"footnotes":""},"categories":[5,6,26],"tags":[],"yoast_head":"<!-- This site is optimized with the Yoast SEO plugin v23.6 - https:\/\/yoast.com\/wordpress\/plugins\/seo\/ -->\r\n<title>La Polenta di Natale al Mercato Contadino Prenestino - Mercato Contadino Roma e Castelli Romani<\/title>\r\n<meta name=\"robots\" content=\"index, follow, max-snippet:-1, max-image-preview:large, max-video-preview:-1\" \/>\r\n<link rel=\"canonical\" href=\"https:\/\/www.mercatocontadino.org\/public\/la-polenta-natale-al-mercato-contadino-prenestino\/\" \/>\r\n<meta property=\"og:locale\" content=\"it_IT\" \/>\r\n<meta property=\"og:type\" content=\"article\" \/>\r\n<meta property=\"og:title\" content=\"La Polenta di Natale al Mercato Contadino Prenestino - Mercato Contadino Roma e Castelli Romani\" \/>\r\n<meta property=\"og:description\" content=\"Mercatino di Natale, laboratori bambini &#8211; Venerd\u00ec 8 dicembre 2023 Nella splendida cornice di Parco Prampolini (Via Camillo Prampolini, 27 00177) venerd\u00ec 8 dicembre 2023 si svolger\u00e0 l\u2019evento \u201cla Polenta di Natale al Mercato Contadino...\" \/>\r\n<meta property=\"og:url\" content=\"https:\/\/www.mercatocontadino.org\/public\/la-polenta-natale-al-mercato-contadino-prenestino\/\" \/>\r\n<meta property=\"og:site_name\" content=\"Mercato Contadino Roma e Castelli Romani\" \/>\r\n<meta property=\"article:published_time\" content=\"2023-11-25T11:40:31+00:00\" \/>\r\n<meta property=\"og:image\" content=\"https:\/\/www.mercatocontadino.org\/public\/wp-content\/uploads\/2023\/11\/polenta_di_natale_2023_mercato-contadino-prenestino-1.jpg\" \/>\r\n\t<meta property=\"og:image:width\" content=\"800\" \/>\r\n\t<meta property=\"og:image:height\" content=\"1124\" \/>\r\n\t<meta property=\"og:image:type\" content=\"image\/jpeg\" \/>\r\n<meta name=\"author\" content=\"ilmercatocontadino\" \/>\r\n<meta name=\"twitter:card\" content=\"summary_large_image\" \/>\r\n<meta name=\"twitter:label1\" content=\"Scritto da\" \/>\n\t<meta name=\"twitter:data1\" content=\"ilmercatocontadino\" \/>\n\t<meta name=\"twitter:label2\" content=\"Tempo di lettura stimato\" \/>\n\t<meta name=\"twitter:data2\" content=\"5 minuti\" \/>\r\n<script type=\"application\/ld+json\" class=\"yoast-schema-graph\">{\"@context\":\"https:\/\/schema.org\",\"@graph\":[{\"@type\":\"WebPage\",\"@id\":\"https:\/\/www.mercatocontadino.org\/public\/la-polenta-natale-al-mercato-contadino-prenestino\/\",\"url\":\"https:\/\/www.mercatocontadino.org\/public\/la-polenta-natale-al-mercato-contadino-prenestino\/\",\"name\":\"La Polenta di Natale al Mercato Contadino Prenestino - Mercato Contadino Roma e Castelli Romani\",\"isPartOf\":{\"@id\":\"https:\/\/www.mercatocontadino.org\/public\/#website\"},\"primaryImageOfPage\":{\"@id\":\"https:\/\/www.mercatocontadino.org\/public\/la-polenta-natale-al-mercato-contadino-prenestino\/#primaryimage\"},\"image\":{\"@id\":\"https:\/\/www.mercatocontadino.org\/public\/la-polenta-natale-al-mercato-contadino-prenestino\/#primaryimage\"},\"thumbnailUrl\":\"https:\/\/www.mercatocontadino.org\/public\/wp-content\/uploads\/2023\/11\/polenta_di_natale_2023_mercato-contadino-prenestino-1.jpg\",\"datePublished\":\"2023-11-25T11:40:31+00:00\",\"dateModified\":\"2023-11-25T11:40:31+00:00\",\"author\":{\"@id\":\"https:\/\/www.mercatocontadino.org\/public\/#\/schema\/person\/e4f15832d1f5c32f0800d694f83a60b0\"},\"breadcrumb\":{\"@id\":\"https:\/\/www.mercatocontadino.org\/public\/la-polenta-natale-al-mercato-contadino-prenestino\/#breadcrumb\"},\"inLanguage\":\"it-IT\",\"potentialAction\":[{\"@type\":\"ReadAction\",\"target\":[\"https:\/\/www.mercatocontadino.org\/public\/la-polenta-natale-al-mercato-contadino-prenestino\/\"]}]},{\"@type\":\"ImageObject\",\"inLanguage\":\"it-IT\",\"@id\":\"https:\/\/www.mercatocontadino.org\/public\/la-polenta-natale-al-mercato-contadino-prenestino\/#primaryimage\",\"url\":\"https:\/\/www.mercatocontadino.org\/public\/wp-content\/uploads\/2023\/11\/polenta_di_natale_2023_mercato-contadino-prenestino-1.jpg\",\"contentUrl\":\"https:\/\/www.mercatocontadino.org\/public\/wp-content\/uploads\/2023\/11\/polenta_di_natale_2023_mercato-contadino-prenestino-1.jpg\",\"width\":800,\"height\":1124,\"caption\":\"polenta di natale 2023 roma prenestino mercato contadino\"},{\"@type\":\"BreadcrumbList\",\"@id\":\"https:\/\/www.mercatocontadino.org\/public\/la-polenta-natale-al-mercato-contadino-prenestino\/#breadcrumb\",\"itemListElement\":[{\"@type\":\"ListItem\",\"position\":1,\"name\":\"Home\",\"item\":\"https:\/\/www.mercatocontadino.org\/public\/\"},{\"@type\":\"ListItem\",\"position\":2,\"name\":\"La Polenta di Natale al Mercato Contadino Prenestino\"}]},{\"@type\":\"WebSite\",\"@id\":\"https:\/\/www.mercatocontadino.org\/public\/#website\",\"url\":\"https:\/\/www.mercatocontadino.org\/public\/\",\"name\":\"Mercato Contadino Roma e Castelli Romani\",\"description\":\"Diffondiamo Prodotti Agroalimentari di Qualit\u00e0, Km0, di Filiera Corta\",\"potentialAction\":[{\"@type\":\"SearchAction\",\"target\":{\"@type\":\"EntryPoint\",\"urlTemplate\":\"https:\/\/www.mercatocontadino.org\/public\/?s={search_term_string}\"},\"query-input\":{\"@type\":\"PropertyValueSpecification\",\"valueRequired\":true,\"valueName\":\"search_term_string\"}}],\"inLanguage\":\"it-IT\"},{\"@type\":\"Person\",\"@id\":\"https:\/\/www.mercatocontadino.org\/public\/#\/schema\/person\/e4f15832d1f5c32f0800d694f83a60b0\",\"name\":\"ilmercatocontadino\",\"image\":{\"@type\":\"ImageObject\",\"inLanguage\":\"it-IT\",\"@id\":\"https:\/\/www.mercatocontadino.org\/public\/#\/schema\/person\/image\/\",\"url\":\"https:\/\/secure.gravatar.com\/avatar\/6be7c69f945bd40eac48b275f27f29e4?s=96&d=mm&r=g\",\"contentUrl\":\"https:\/\/secure.gravatar.com\/avatar\/6be7c69f945bd40eac48b275f27f29e4?s=96&d=mm&r=g\",\"caption\":\"ilmercatocontadino\"},\"url\":\"https:\/\/www.mercatocontadino.org\/public\/author\/ilmercatocontadino\/\"}]}<\/script>\r\n<!-- \/ Yoast SEO plugin. -->","yoast_head_json":{"title":"La Polenta di Natale al Mercato Contadino Prenestino - Mercato Contadino Roma e Castelli Romani","robots":{"index":"index","follow":"follow","max-snippet":"max-snippet:-1","max-image-preview":"max-image-preview:large","max-video-preview":"max-video-preview:-1"},"canonical":"https:\/\/www.mercatocontadino.org\/public\/la-polenta-natale-al-mercato-contadino-prenestino\/","og_locale":"it_IT","og_type":"article","og_title":"La Polenta di Natale al Mercato Contadino Prenestino - Mercato Contadino Roma e Castelli Romani","og_description":"Mercatino di Natale, laboratori bambini &#8211; Venerd\u00ec 8 dicembre 2023 Nella splendida cornice di Parco Prampolini (Via Camillo Prampolini, 27 00177) venerd\u00ec 8 dicembre 2023 si svolger\u00e0 l\u2019evento \u201cla Polenta di Natale al Mercato Contadino...","og_url":"https:\/\/www.mercatocontadino.org\/public\/la-polenta-natale-al-mercato-contadino-prenestino\/","og_site_name":"Mercato Contadino Roma e Castelli Romani","article_published_time":"2023-11-25T11:40:31+00:00","og_image":[{"width":800,"height":1124,"url":"https:\/\/www.mercatocontadino.org\/public\/wp-content\/uploads\/2023\/11\/polenta_di_natale_2023_mercato-contadino-prenestino-1.jpg","type":"image\/jpeg"}],"author":"ilmercatocontadino","twitter_card":"summary_large_image","twitter_misc":{"Scritto da":"ilmercatocontadino","Tempo di lettura stimato":"5 minuti"},"schema":{"@context":"https:\/\/schema.org","@graph":[{"@type":"WebPage","@id":"https:\/\/www.mercatocontadino.org\/public\/la-polenta-natale-al-mercato-contadino-prenestino\/","url":"https:\/\/www.mercatocontadino.org\/public\/la-polenta-natale-al-mercato-contadino-prenestino\/","name":"La Polenta di Natale al Mercato Contadino Prenestino - Mercato Contadino Roma e Castelli Romani","isPartOf":{"@id":"https:\/\/www.mercatocontadino.org\/public\/#website"},"primaryImageOfPage":{"@id":"https:\/\/www.mercatocontadino.org\/public\/la-polenta-natale-al-mercato-contadino-prenestino\/#primaryimage"},"image":{"@id":"https:\/\/www.mercatocontadino.org\/public\/la-polenta-natale-al-mercato-contadino-prenestino\/#primaryimage"},"thumbnailUrl":"https:\/\/www.mercatocontadino.org\/public\/wp-content\/uploads\/2023\/11\/polenta_di_natale_2023_mercato-contadino-prenestino-1.jpg","datePublished":"2023-11-25T11:40:31+00:00","dateModified":"2023-11-25T11:40:31+00:00","author":{"@id":"https:\/\/www.mercatocontadino.org\/public\/#\/schema\/person\/e4f15832d1f5c32f0800d694f83a60b0"},"breadcrumb":{"@id":"https:\/\/www.mercatocontadino.org\/public\/la-polenta-natale-al-mercato-contadino-prenestino\/#breadcrumb"},"inLanguage":"it-IT","potentialAction":[{"@type":"ReadAction","target":["https:\/\/www.mercatocontadino.org\/public\/la-polenta-natale-al-mercato-contadino-prenestino\/"]}]},{"@type":"ImageObject","inLanguage":"it-IT","@id":"https:\/\/www.mercatocontadino.org\/public\/la-polenta-natale-al-mercato-contadino-prenestino\/#primaryimage","url":"https:\/\/www.mercatocontadino.org\/public\/wp-content\/uploads\/2023\/11\/polenta_di_natale_2023_mercato-contadino-prenestino-1.jpg","contentUrl":"https:\/\/www.mercatocontadino.org\/public\/wp-content\/uploads\/2023\/11\/polenta_di_natale_2023_mercato-contadino-prenestino-1.jpg","width":800,"height":1124,"caption":"polenta di natale 2023 roma prenestino mercato contadino"},{"@type":"BreadcrumbList","@id":"https:\/\/www.mercatocontadino.org\/public\/la-polenta-natale-al-mercato-contadino-prenestino\/#breadcrumb","itemListElement":[{"@type":"ListItem","position":1,"name":"Home","item":"https:\/\/www.mercatocontadino.org\/public\/"},{"@type":"ListItem","position":2,"name":"La Polenta di Natale al Mercato Contadino Prenestino"}]},{"@type":"WebSite","@id":"https:\/\/www.mercatocontadino.org\/public\/#website","url":"https:\/\/www.mercatocontadino.org\/public\/","name":"Mercato Contadino Roma e Castelli Romani","description":"Diffondiamo Prodotti Agroalimentari di Qualit\u00e0, Km0, di Filiera Corta","potentialAction":[{"@type":"SearchAction","target":{"@type":"EntryPoint","urlTemplate":"https:\/\/www.mercatocontadino.org\/public\/?s={search_term_string}"},"query-input":{"@type":"PropertyValueSpecification","valueRequired":true,"valueName":"search_term_string"}}],"inLanguage":"it-IT"},{"@type":"Person","@id":"https:\/\/www.mercatocontadino.org\/public\/#\/schema\/person\/e4f15832d1f5c32f0800d694f83a60b0","name":"ilmercatocontadino","image":{"@type":"ImageObject","inLanguage":"it-IT","@id":"https:\/\/www.mercatocontadino.org\/public\/#\/schema\/person\/image\/","url":"https:\/\/secure.gravatar.com\/avatar\/6be7c69f945bd40eac48b275f27f29e4?s=96&d=mm&r=g","contentUrl":"https:\/\/secure.gravatar.com\/avatar\/6be7c69f945bd40eac48b275f27f29e4?s=96&d=mm&r=g","caption":"ilmercatocontadino"},"url":"https:\/\/www.mercatocontadino.org\/public\/author\/ilmercatocontadino\/"}]}},"_links":{"self":[{"href":"https:\/\/www.mercatocontadino.org\/public\/wp-json\/wp\/v2\/posts\/3770"}],"collection":[{"href":"https:\/\/www.mercatocontadino.org\/public\/wp-json\/wp\/v2\/posts"}],"about":[{"href":"https:\/\/www.mercatocontadino.org\/public\/wp-json\/wp\/v2\/types\/post"}],"author":[{"embeddable":true,"href":"https:\/\/www.mercatocontadino.org\/public\/wp-json\/wp\/v2\/users\/1"}],"replies":[{"embeddable":true,"href":"https:\/\/www.mercatocontadino.org\/public\/wp-json\/wp\/v2\/comments?post=3770"}],"version-history":[{"count":1,"href":"https:\/\/www.mercatocontadino.org\/public\/wp-json\/wp\/v2\/posts\/3770\/revisions"}],"predecessor-version":[{"id":3772,"href":"https:\/\/www.mercatocontadino.org\/public\/wp-json\/wp\/v2\/posts\/3770\/revisions\/3772"}],"wp:featuredmedia":[{"embeddable":true,"href":"https:\/\/www.mercatocontadino.org\/public\/wp-json\/wp\/v2\/media\/3771"}],"wp:attachment":[{"href":"https:\/\/www.mercatocontadino.org\/public\/wp-json\/wp\/v2\/media?parent=3770"}],"wp:term":[{"taxonomy":"category","embeddable":true,"href":"https:\/\/www.mercatocontadino.org\/public\/wp-json\/wp\/v2\/categories?post=3770"},{"taxonomy":"post_tag","embeddable":true,"href":"https:\/\/www.mercatocontadino.org\/public\/wp-json\/wp\/v2\/tags?post=3770"}],"curies":[{"name":"wp","href":"https:\/\/api.w.org\/{rel}","templated":true}]}}