{"id":3603,"date":"2023-04-25T15:35:37","date_gmt":"2023-04-25T13:35:37","guid":{"rendered":"https:\/\/www.mercatocontadino.org\/public\/?p=3603"},"modified":"2023-05-18T13:11:37","modified_gmt":"2023-05-18T11:11:37","slug":"biodiversamente-mercato-contadino-festa-2023","status":"publish","type":"post","link":"https:\/\/www.mercatocontadino.org\/public\/biodiversamente-mercato-contadino-festa-2023\/","title":{"rendered":"\u201cBIODIVERSAMENTE\u201d MERCATO CONTADINO IN FESTA 2023 \/ DOMENICA 21 MAGGIO 2023"},"content":{"rendered":"<h2 class=\"p1\" style=\"margin-bottom:40px; text-align: center;\"><strong><span class=\"s2\">BiodiversaMENTE 2023<\/span><\/strong><\/h2>\n<h3 class=\"p1\"><span class=\"s1\">DOMENICA 21 MAGGIO 2023 <b>ST\u2019ORTO PRENESTINO PRESENTA A ROMA PRESSO PARCO PRAMPOLINI: <\/b><\/span><span class=\"s1\"><b>\u201cBiodiversaMENTE\u201d<\/b><\/span><\/h3>\n<p class=\"p1\"><span class=\"s1\"><b>Domenica 21 maggio 2023<\/b><\/span><span class=\"s2\">, in occasione della Giornata Mondiale della Diversit\u00e0 Culturale per il Dialogo e lo Sviluppo e alla vigilia della Giornata Mondiale della <b>BIODIVERSITA\u2019<\/b>, St\u2019Orto Prenestino organizza in collaborazione con la Rete Produttori Mercati Contadini Citt\u00e0 Metropolitana di Roma Capitale, <b>\u201cBiodiversaMENTE\u201d Mercato Contadino in Festa. <\/b><\/span><\/p>\n<p class=\"p1\"><span class=\"s2\">L\u2019iniziativa \u00e8 proposta da<b> St\u2019Orto Prenestino <\/b>un progetto di agricoltura sociale e multifunzionale che vede la collaborazione tra il<b> Dipartimento Politiche Sociali di ROMA CAPITALE, <\/b>un raggruppamento di cooperative<b> <\/b>sociali ed agricole, ASL Roma2, la Rete Produttori Mercati Contadini Citt\u00e0 Metropolitana di Roma Capitale e l\u2019Orto Botanico dell\u2019Universit\u00e0 di Tor Vergata.<\/span><\/p>\n<p class=\"p1\"><span class=\"s2\">Nella splendida cornice di <b>Parco Prampolini<\/b> (Via Camillo Prampolini, 27 00177) la <b>FESTA si svolger\u00e0 domenica 21 maggio dalle 8,30 alle 14,00<\/b> offrendo un\u2019occasione di socializzazione e di crescita culturale per le tante famiglie che frequentano questo bellissimo parco\u2013giardino e per la numerosa popolazione che gravita intorno all\u2019asse viario della Prenestina\/Collatina.<\/span><\/p>\n<p class=\"p1\"><span class=\"s2\">In occasione <b>della FESTA,<\/b> saranno<b> <\/b>offerte gratuitamente degustazioni di prodotti e l\u2019opportunit\u00e0 di partecipare a laboratori didattici per bambini e adulti e di fare la spesa a km0 per solidariet\u00e0 con i contadini grazie alle 50 aziende agricole presenti.<\/span><\/p>\n<p><a href=\"https:\/\/www.mercatocontadino.org\/public\/biodiversamente-mercato-contadino-festa-2023\/biodiversamente_mercato_contadino_roma_prenestino_verticale\/\" rel=\"attachment wp-att-3635\"><img loading=\"lazy\" decoding=\"async\" class=\"aligncenter size-large wp-image-3635\" src=\"https:\/\/www.mercatocontadino.org\/public\/wp-content\/uploads\/2023\/04\/biodiversamente_mercato_contadino_roma_prenestino_verticale-721x1024.jpg\" alt=\"farmer market biodiversamente mercato contadino roma prenestino orizzontale\" width=\"721\" height=\"1024\" srcset=\"https:\/\/www.mercatocontadino.org\/public\/wp-content\/uploads\/2023\/04\/biodiversamente_mercato_contadino_roma_prenestino_verticale-721x1024.jpg 721w, https:\/\/www.mercatocontadino.org\/public\/wp-content\/uploads\/2023\/04\/biodiversamente_mercato_contadino_roma_prenestino_verticale-211x300.jpg 211w, https:\/\/www.mercatocontadino.org\/public\/wp-content\/uploads\/2023\/04\/biodiversamente_mercato_contadino_roma_prenestino_verticale-768x1091.jpg 768w, https:\/\/www.mercatocontadino.org\/public\/wp-content\/uploads\/2023\/04\/biodiversamente_mercato_contadino_roma_prenestino_verticale-1082x1536.jpg 1082w, https:\/\/www.mercatocontadino.org\/public\/wp-content\/uploads\/2023\/04\/biodiversamente_mercato_contadino_roma_prenestino_verticale-700x994.jpg 700w, https:\/\/www.mercatocontadino.org\/public\/wp-content\/uploads\/2023\/04\/biodiversamente_mercato_contadino_roma_prenestino_verticale.jpg 1200w\" sizes=\"(max-width: 721px) 100vw, 721px\" \/><\/a><\/p>\n<h3 class=\"p1\"><strong><span class=\"s2\">BiodiversaMENTE &#8211; I<\/span><\/strong><strong><span class=\"s2\">l programma<\/span><\/strong><\/h3>\n<p class=\"p1\"><span class=\"s2\">&#8211; <b>L\u2019Orto da Asporto<\/b> laboratorio dai 4 anni in su! Chi non ha mai desiderato avere un piccolo orto, anche solo sul proprio balcone? Tutti pronti con paletta e terriccio, per piantare i semi della frutta e della verdura che preferite! Venite a scoprire insieme agli scienziati della Natura di G.Eco e dell\u2019Orto Botanico dell\u2019Universit\u00e0 di Tor Vergata quali sono gli ortaggi di stagione e scegliete quelli che preferite per coltivarli direttamente, grazie alla realizzazione di un piccolo orto \u201cda asporto\u201d da riportare a casa!<\/span><\/p>\n<p class=\"p1\"><span class=\"s2\">&#8211; Un <b>gioco con premio<\/b> rivolto agli aspiranti fotografi provetti che il 21 maggio potranno scattare le loro foto a Parco Prampolini. La foto scelta, una per ogni candidato, dovr\u00e0 poi essere pubblicata su facebook taggando le pagine \u201cmercato contadino Roma e Castelli Romani\u201d e \u201cSt\u2019Orto prenestino\u201d. La foto che ricever\u00e0 pi\u00f9 like entro gioved\u00ec 25 maggio <b>VINCE LA SPESA<\/b> da ritirare venerd\u00ec 26 maggio a Parco Prampolini\u203c\ufe0f<\/span><\/p>\n<p class=\"p1\"><span class=\"s2\">&#8211; <b>Visita al percorso archeologico<\/b> di Parco Prampolini per una passeggiata nella storia dell\u2019area e per conoscere funzione ed usi dei resti architettonici.<\/span><\/p>\n<p class=\"p1\"><span class=\"s2\">&#8211; <b>Dono di piantine<\/b> come buon auspicio per pratiche di agricoltura e giardinaggio domestico; <\/span><\/p>\n<p class=\"p1\"><span class=\"s2\">&#8211; <b>Dono della pasta madre<\/b> per imparare come fare in casa un pane buonissimo e digeribile, senza forni costosi o attrezzature particolari; verranno offerti anche dei <b>legumi,<\/b> quale simbolo di buon augurio e abbondanza; <b>dono di ricette<\/b> \u201cantispreco\u201d per utilizzare gli avanzi del pane.<\/span><\/p>\n<p class=\"p1\"><span class=\"s2\"> &#8211; <b>Degustazione<\/b> di pane ai 7 cereali a lievitazione naturale; zabaione freschissimo con le uova appena deposte da galline libere di razzolare in campagna; diverse tipologie di miele (castagno, melata di bosco, millefiori); brindisi con i vini delle piccole aziende agricole vitivinicole presenti.<span class=\"Apple-converted-space\">\u00a0 \u00a0<\/span><\/span><\/p>\n<p class=\"p1\"><span class=\"s2\">Perch\u00e9 il dono \u00e8 l\u2019arte dell\u2019incontro con la vita, e con l\u2019altro; avvicina le persone, consente all\u2019uno, donatore e ricevente, di vedere il volto dell\u2019altro: il mercato in questa accezione non \u00e8 soltanto scambio di merci ma un vero e proprio luogo di scambio di idee, passioni e culture.<\/span><\/p>\n<p class=\"p1\"><span class=\"s2\">Tra i banchi del mercato, <b>St\u2019Orto prenestino<\/b> proporr\u00e0 i suoi laboratori sulla sostenibilit\u00e0, il riciclo creativo e le pratiche agricole, le aziende del mercato proporranno degustazioni tra prodotti biologici e tipici, con certificazione Igp, Doc e Dop, frutta e verdura appena raccolta, olio extra vergine spremuto a freddo, mozzarelle di bufala, formaggi freschi e stagionati, carne e insaccati, pane lavorato con la pasta madre, uova di galline allevate all\u2019aria aperta e altri prodotti, tra cui confetture e marmellate, farine e legumi, dolci da forno, vini doc, miele.<\/span><\/p>\n<p class=\"p1\"><span class=\"s2\">La <b>FESTA \u201cBiodiversaMENTE\u201d<\/b> rientra nei progetti di rilevanza sociale e ludica previsti nel parco \u2013 dar\u00e0 la possibilit\u00e0 al progetto St\u2019Orto Prenestino di compiere le proprie finalit\u00e0 ed allo stesso tempo offrir\u00e0 ai tanti cittadini l\u2019opportunit\u00e0 di socializzare, crescere culturalmente e di acquistare prodotti alimentari freschissimi e di qualit\u00e0, di filiera corta, direttamente dai produttori di piccole aziende dell\u2019agro-romano e degli altri territori del Lazio.<\/span><\/p>\n<p class=\"p1\"><span class=\"s2\">Ti invitiamo a venirci a trovare alla <b>FESTA \u201cBiodiversaMENTE\u201d <\/b>con gli agricoltori a km0 e condividere con noi uno stile di vita pi\u00f9 sostenibile per cambiare il tuo impatto sul mondo. <\/span><\/p>\n<h3>MERCATO CONTADINO PRENESTINO &#8211; TUTTI I VENERDI&#8217;<\/h3>\n<p class=\"p1\"><span class=\"s2\">Il progetto voluto a Parco Prampolini da Roma Capitale \u00e8 un\u2019esperienza di sviluppo di impresa sociale per l&#8217;integrazione socio-lavorativa di persone fragili e per la diffusione, tra i cittadini del territorio e la popolazione dell\u2019intera citt\u00e0, della \u201ccultura del verde urbano e dell\u2019ambiente\u201d e la promozione di una sensibilit\u00e0 verso la sostenibilit\u00e0 volta anche ad assumere uno stile di vita sano preferendo acquisti cosiddetti a \u201cKm zero\u201d e di filiera corta. La nascente impresa sociale \u201cSt\u2019Orto Prenestino\u201d in collaborazione con l\u2019Orto Botanico dell\u2019Universit\u00e0 di Roma Tor Vergata, ASL Roma2, Dipartimento Politiche Sociali e Salute Comune di Roma, Assessorato Politiche Sociali e Salute e V Municipio, ha voluto coinvolgere la Rete Produttori Mercati Contadini Citt\u00e0 Metropolitana di Roma Capitale per offrire un\u2019occasione in pi\u00f9 di arricchimento culturale oltre che un servizio utile e sano per i cittadini del territorio.<\/span><\/p>\n<p class=\"p1\"><span class=\"s2\">Per un sempre maggior numero di consumatori, la spesa \u00e8 diventata un\u2019occasione di scambio e di comunicazione, con un codice simbolico analogo a quello che si manifesta nelle attivit\u00e0 sociali, nel tempo libero e nell\u2019intrattenimento: i produttori raccontano i propri prodotti e la propria vita su di un \u201cpalcoscenico\u201d in cui il consumatore non \u00e8 pi\u00f9 un soggetto passivo, l\u2019ultimo anello di una filiera lunga in cui il cibo non ha alcun legame con il territorio di consumo e le storie di vita di chi produce ed acquista il cibo.<\/span><\/p>\n<p class=\"p1\"><span class=\"s2\">Anche in quest\u2019ottica la <b>FESTA<\/b> \u201cBiodiversaMENTE\u201d sar\u00e0 l\u2019occasione per favorire il contatto di molti giovani con il mondo agricolo, anche<\/span> <span class=\"s2\">per incentivarli ad un\u2019alimentazione pi\u00f9 corretta e per comprendere il percorso che le materie prime fanno dal campo alla tavola.<\/span><\/p>\n<p class=\"p1\"><span class=\"s2\">Tutti sono invitati a portare sempre con s\u00e9 la sporta per evitare lo spreco di involucri! Sosteniamo l\u2019agricoltura sociale e le piccole aziende agricole a conduzione familiare!<\/span><\/p>\n<p class=\"p1\"><span class=\"s2\">Buon cibo!<\/span><\/p>\n<p>#Mercatocontadino #Roma #CastelliRomani\u00a0 #BiodiversaMENTE #Festa #GiornataMondialeDiversit\u00e0 #Culturale #Dialogo #Sviluppo #BIODIVERSITA #StOrtoPrenestino #ReteProduttori #MercatiContadini #Citt\u00e0Metropolitana #Roma #Capitale #Agricoltura #sociale #multifunzionale #DipartimentoPoliticheSociali #cooperative #sociali #agricole #ASL #Roma2 #OrtoBotanico #Universit\u00e0TorVergata #ParcoPrampolini #Socializzazione #Crescita #culturale #Famiglie #Prenestina \/ Collatina #Laboratorididattici #Solidariet\u00e0 #Aziende #agricole #Farmermarket #Sostenibilit\u00e0 #Riciclo #Riciclocreativo #Prodottibiologici #Certificazione #Igp #Doc #Dop #Filiera #corta #Pane #lavorato #pasta #madre #Agro-romano #Territorio #Cultura #verde #urbano #ambiente #Sensibilit\u00e0 #sostenibilit\u00e0 #Km #zero #Impresa #sociale #Sporta #Piccole #aziende #agricole #conduzione #familiare<\/p>\n<p><a href=\"https:\/\/www.mercatocontadino.org\/public\/mercato-contadino-capannelle-si-sposta-al-mercato-contadino-prenestino-domenica-presso-parco-prampolini-domenica-21-maggio-2023\/prenestino_capannelle_rimandato_small\/\" rel=\"attachment wp-att-3638\"><img loading=\"lazy\" decoding=\"async\" class=\"aligncenter size-large wp-image-3638\" src=\"https:\/\/www.mercatocontadino.org\/public\/wp-content\/uploads\/2023\/05\/PRENESTINO_capannelle_rimandato_small-1024x800.jpg\" alt=\"mercato capannelle spostato mercato contadino prenestino farmer market biodiversamente mercato contadino roma prenestino\" width=\"1024\" height=\"800\" srcset=\"https:\/\/www.mercatocontadino.org\/public\/wp-content\/uploads\/2023\/05\/PRENESTINO_capannelle_rimandato_small-1024x800.jpg 1024w, https:\/\/www.mercatocontadino.org\/public\/wp-content\/uploads\/2023\/05\/PRENESTINO_capannelle_rimandato_small-300x234.jpg 300w, https:\/\/www.mercatocontadino.org\/public\/wp-content\/uploads\/2023\/05\/PRENESTINO_capannelle_rimandato_small-768x600.jpg 768w, https:\/\/www.mercatocontadino.org\/public\/wp-content\/uploads\/2023\/05\/PRENESTINO_capannelle_rimandato_small-1536x1200.jpg 1536w, https:\/\/www.mercatocontadino.org\/public\/wp-content\/uploads\/2023\/05\/PRENESTINO_capannelle_rimandato_small-700x547.jpg 700w, https:\/\/www.mercatocontadino.org\/public\/wp-content\/uploads\/2023\/05\/PRENESTINO_capannelle_rimandato_small.jpg 1920w\" sizes=\"(max-width: 1024px) 100vw, 1024px\" \/><\/a><\/p>\n<p>&nbsp;<\/p>\n<p><a href=\"\/public\/quando-e-dove-mercato-contadino-roma-castelli-romani\/mercato-contadino-roma-prenestino\/\"><strong>&#8211;&gt; MERCATO CONTADINO PRENESTINO<\/strong><\/a><\/p>\n<p><a href=\"https:\/\/www.mercatocontadino.org\/public\/inaugurazione-mercato-contadino-prenestino-parco-prampolini-roma\/mercato_contadino_prenestino_parco_prampolini_roma_farmer_market\/\" rel=\"attachment wp-att-3560\"><img loading=\"lazy\" decoding=\"async\" class=\"aligncenter wp-image-3560 size-large\" src=\"https:\/\/www.mercatocontadino.org\/public\/wp-content\/uploads\/2023\/03\/mercato_contadino_prenestino_parco_prampolini_roma_farmer_market-721x1024.jpg\" alt=\"mercato contadino prenestino parco prampolini roma farmer market\" width=\"721\" height=\"1024\" srcset=\"https:\/\/www.mercatocontadino.org\/public\/wp-content\/uploads\/2023\/03\/mercato_contadino_prenestino_parco_prampolini_roma_farmer_market-721x1024.jpg 721w, https:\/\/www.mercatocontadino.org\/public\/wp-content\/uploads\/2023\/03\/mercato_contadino_prenestino_parco_prampolini_roma_farmer_market-211x300.jpg 211w, https:\/\/www.mercatocontadino.org\/public\/wp-content\/uploads\/2023\/03\/mercato_contadino_prenestino_parco_prampolini_roma_farmer_market-768x1091.jpg 768w, https:\/\/www.mercatocontadino.org\/public\/wp-content\/uploads\/2023\/03\/mercato_contadino_prenestino_parco_prampolini_roma_farmer_market-700x994.jpg 700w, https:\/\/www.mercatocontadino.org\/public\/wp-content\/uploads\/2023\/03\/mercato_contadino_prenestino_parco_prampolini_roma_farmer_market.jpg 1000w\" sizes=\"(max-width: 721px) 100vw, 721px\" \/><\/a><\/p>\n<p>&nbsp;<\/p>\n<p><a href=\"\/public\/quando-e-dove-mercato-contadino-roma-castelli-romani\/\"><strong>&gt;&gt; SCOPRI DOVE E QUANDO \/ TUTTI I MERCATI CONTADINI DI ROMA E CASTELLI ROMANI<\/strong><\/a><\/p>\n","protected":false},"excerpt":{"rendered":"<p>BiodiversaMENTE 2023 DOMENICA 21 MAGGIO 2023 ST\u2019ORTO PRENESTINO PRESENTA A ROMA PRESSO PARCO PRAMPOLINI: \u201cBiodiversaMENTE\u201d Domenica 21 maggio 2023, in occasione della Giornata Mondiale della Diversit\u00e0 Culturale per il Dialogo e lo Sviluppo e alla&#8230;<\/p>\n","protected":false},"author":1,"featured_media":3634,"comment_status":"closed","ping_status":"closed","sticky":false,"template":"","format":"standard","meta":{"footnotes":""},"categories":[5,6],"tags":[],"yoast_head":"<!-- This site is optimized with the Yoast SEO plugin v23.6 - https:\/\/yoast.com\/wordpress\/plugins\/seo\/ -->\r\n<title>\u201cBIODIVERSAMENTE\u201d MERCATO CONTADINO IN FESTA 2023 \/ DOMENICA 21 MAGGIO 2023 - Mercato Contadino Roma e Castelli Romani<\/title>\r\n<meta name=\"description\" content=\"Partecipa alla Festa del Mercato Contadino &quot;BiodiversaMENTE&quot; a Roma, dedicata alla biodiversit\u00e0 e alla diversit\u00e0 culturale - Domenica 21 maggio 2023 \/ Parco Prampolini\" \/>\r\n<meta name=\"robots\" content=\"index, follow, max-snippet:-1, max-image-preview:large, max-video-preview:-1\" \/>\r\n<link rel=\"canonical\" href=\"https:\/\/www.mercatocontadino.org\/public\/biodiversamente-mercato-contadino-festa-2023\/\" \/>\r\n<meta property=\"og:locale\" content=\"it_IT\" \/>\r\n<meta property=\"og:type\" content=\"article\" \/>\r\n<meta property=\"og:title\" content=\"\u201cBIODIVERSAMENTE\u201d MERCATO CONTADINO IN FESTA 2023 \/ DOMENICA 21 MAGGIO 2023 - Mercato Contadino Roma e Castelli Romani\" \/>\r\n<meta property=\"og:description\" content=\"Partecipa alla Festa del Mercato Contadino &quot;BiodiversaMENTE&quot; a Roma, dedicata alla biodiversit\u00e0 e alla diversit\u00e0 culturale - Domenica 21 maggio 2023 \/ Parco Prampolini\" \/>\r\n<meta property=\"og:url\" content=\"https:\/\/www.mercatocontadino.org\/public\/biodiversamente-mercato-contadino-festa-2023\/\" \/>\r\n<meta property=\"og:site_name\" content=\"Mercato Contadino Roma e Castelli Romani\" \/>\r\n<meta property=\"article:published_time\" content=\"2023-04-25T13:35:37+00:00\" \/>\r\n<meta property=\"article:modified_time\" content=\"2023-05-18T11:11:37+00:00\" \/>\r\n<meta property=\"og:image\" content=\"https:\/\/www.mercatocontadino.org\/public\/wp-content\/uploads\/2023\/05\/biodiversamente_mercato_contadino_roma_prenestino_orizzontale.jpg\" \/>\r\n\t<meta property=\"og:image:width\" content=\"1920\" \/>\r\n\t<meta property=\"og:image:height\" content=\"956\" \/>\r\n\t<meta property=\"og:image:type\" content=\"image\/jpeg\" \/>\r\n<meta name=\"author\" content=\"ilmercatocontadino\" \/>\r\n<meta name=\"twitter:card\" content=\"summary_large_image\" \/>\r\n<meta name=\"twitter:label1\" content=\"Scritto da\" \/>\n\t<meta name=\"twitter:data1\" content=\"ilmercatocontadino\" \/>\n\t<meta name=\"twitter:label2\" content=\"Tempo di lettura stimato\" \/>\n\t<meta name=\"twitter:data2\" content=\"6 minuti\" \/>\r\n<script type=\"application\/ld+json\" class=\"yoast-schema-graph\">{\"@context\":\"https:\/\/schema.org\",\"@graph\":[{\"@type\":\"WebPage\",\"@id\":\"https:\/\/www.mercatocontadino.org\/public\/biodiversamente-mercato-contadino-festa-2023\/\",\"url\":\"https:\/\/www.mercatocontadino.org\/public\/biodiversamente-mercato-contadino-festa-2023\/\",\"name\":\"\u201cBIODIVERSAMENTE\u201d MERCATO CONTADINO IN FESTA 2023 \/ DOMENICA 21 MAGGIO 2023 - Mercato Contadino Roma e Castelli Romani\",\"isPartOf\":{\"@id\":\"https:\/\/www.mercatocontadino.org\/public\/#website\"},\"primaryImageOfPage\":{\"@id\":\"https:\/\/www.mercatocontadino.org\/public\/biodiversamente-mercato-contadino-festa-2023\/#primaryimage\"},\"image\":{\"@id\":\"https:\/\/www.mercatocontadino.org\/public\/biodiversamente-mercato-contadino-festa-2023\/#primaryimage\"},\"thumbnailUrl\":\"https:\/\/www.mercatocontadino.org\/public\/wp-content\/uploads\/2023\/05\/biodiversamente_mercato_contadino_roma_prenestino_orizzontale.jpg\",\"datePublished\":\"2023-04-25T13:35:37+00:00\",\"dateModified\":\"2023-05-18T11:11:37+00:00\",\"author\":{\"@id\":\"https:\/\/www.mercatocontadino.org\/public\/#\/schema\/person\/e4f15832d1f5c32f0800d694f83a60b0\"},\"description\":\"Partecipa alla Festa del Mercato Contadino \\\"BiodiversaMENTE\\\" a Roma, dedicata alla biodiversit\u00e0 e alla diversit\u00e0 culturale - Domenica 21 maggio 2023 \/ Parco Prampolini\",\"breadcrumb\":{\"@id\":\"https:\/\/www.mercatocontadino.org\/public\/biodiversamente-mercato-contadino-festa-2023\/#breadcrumb\"},\"inLanguage\":\"it-IT\",\"potentialAction\":[{\"@type\":\"ReadAction\",\"target\":[\"https:\/\/www.mercatocontadino.org\/public\/biodiversamente-mercato-contadino-festa-2023\/\"]}]},{\"@type\":\"ImageObject\",\"inLanguage\":\"it-IT\",\"@id\":\"https:\/\/www.mercatocontadino.org\/public\/biodiversamente-mercato-contadino-festa-2023\/#primaryimage\",\"url\":\"https:\/\/www.mercatocontadino.org\/public\/wp-content\/uploads\/2023\/05\/biodiversamente_mercato_contadino_roma_prenestino_orizzontale.jpg\",\"contentUrl\":\"https:\/\/www.mercatocontadino.org\/public\/wp-content\/uploads\/2023\/05\/biodiversamente_mercato_contadino_roma_prenestino_orizzontale.jpg\",\"width\":1920,\"height\":956,\"caption\":\"biodiversamente mercato contadino roma prenestino orizzontale\"},{\"@type\":\"BreadcrumbList\",\"@id\":\"https:\/\/www.mercatocontadino.org\/public\/biodiversamente-mercato-contadino-festa-2023\/#breadcrumb\",\"itemListElement\":[{\"@type\":\"ListItem\",\"position\":1,\"name\":\"Home\",\"item\":\"https:\/\/www.mercatocontadino.org\/public\/\"},{\"@type\":\"ListItem\",\"position\":2,\"name\":\"\u201cBIODIVERSAMENTE\u201d MERCATO CONTADINO IN FESTA 2023 \/ DOMENICA 21 MAGGIO 2023\"}]},{\"@type\":\"WebSite\",\"@id\":\"https:\/\/www.mercatocontadino.org\/public\/#website\",\"url\":\"https:\/\/www.mercatocontadino.org\/public\/\",\"name\":\"Mercato Contadino Roma e Castelli Romani\",\"description\":\"Diffondiamo Prodotti Agroalimentari di Qualit\u00e0, Km0, di Filiera Corta\",\"potentialAction\":[{\"@type\":\"SearchAction\",\"target\":{\"@type\":\"EntryPoint\",\"urlTemplate\":\"https:\/\/www.mercatocontadino.org\/public\/?s={search_term_string}\"},\"query-input\":{\"@type\":\"PropertyValueSpecification\",\"valueRequired\":true,\"valueName\":\"search_term_string\"}}],\"inLanguage\":\"it-IT\"},{\"@type\":\"Person\",\"@id\":\"https:\/\/www.mercatocontadino.org\/public\/#\/schema\/person\/e4f15832d1f5c32f0800d694f83a60b0\",\"name\":\"ilmercatocontadino\",\"image\":{\"@type\":\"ImageObject\",\"inLanguage\":\"it-IT\",\"@id\":\"https:\/\/www.mercatocontadino.org\/public\/#\/schema\/person\/image\/\",\"url\":\"https:\/\/secure.gravatar.com\/avatar\/6be7c69f945bd40eac48b275f27f29e4?s=96&d=mm&r=g\",\"contentUrl\":\"https:\/\/secure.gravatar.com\/avatar\/6be7c69f945bd40eac48b275f27f29e4?s=96&d=mm&r=g\",\"caption\":\"ilmercatocontadino\"},\"url\":\"https:\/\/www.mercatocontadino.org\/public\/author\/ilmercatocontadino\/\"}]}<\/script>\r\n<!-- \/ Yoast SEO plugin. -->","yoast_head_json":{"title":"\u201cBIODIVERSAMENTE\u201d MERCATO CONTADINO IN FESTA 2023 \/ DOMENICA 21 MAGGIO 2023 - Mercato Contadino Roma e Castelli Romani","description":"Partecipa alla Festa del Mercato Contadino \"BiodiversaMENTE\" a Roma, dedicata alla biodiversit\u00e0 e alla diversit\u00e0 culturale - Domenica 21 maggio 2023 \/ Parco Prampolini","robots":{"index":"index","follow":"follow","max-snippet":"max-snippet:-1","max-image-preview":"max-image-preview:large","max-video-preview":"max-video-preview:-1"},"canonical":"https:\/\/www.mercatocontadino.org\/public\/biodiversamente-mercato-contadino-festa-2023\/","og_locale":"it_IT","og_type":"article","og_title":"\u201cBIODIVERSAMENTE\u201d MERCATO CONTADINO IN FESTA 2023 \/ DOMENICA 21 MAGGIO 2023 - Mercato Contadino Roma e Castelli Romani","og_description":"Partecipa alla Festa del Mercato Contadino \"BiodiversaMENTE\" a Roma, dedicata alla biodiversit\u00e0 e alla diversit\u00e0 culturale - Domenica 21 maggio 2023 \/ Parco Prampolini","og_url":"https:\/\/www.mercatocontadino.org\/public\/biodiversamente-mercato-contadino-festa-2023\/","og_site_name":"Mercato Contadino Roma e Castelli Romani","article_published_time":"2023-04-25T13:35:37+00:00","article_modified_time":"2023-05-18T11:11:37+00:00","og_image":[{"width":1920,"height":956,"url":"https:\/\/www.mercatocontadino.org\/public\/wp-content\/uploads\/2023\/05\/biodiversamente_mercato_contadino_roma_prenestino_orizzontale.jpg","type":"image\/jpeg"}],"author":"ilmercatocontadino","twitter_card":"summary_large_image","twitter_misc":{"Scritto da":"ilmercatocontadino","Tempo di lettura stimato":"6 minuti"},"schema":{"@context":"https:\/\/schema.org","@graph":[{"@type":"WebPage","@id":"https:\/\/www.mercatocontadino.org\/public\/biodiversamente-mercato-contadino-festa-2023\/","url":"https:\/\/www.mercatocontadino.org\/public\/biodiversamente-mercato-contadino-festa-2023\/","name":"\u201cBIODIVERSAMENTE\u201d MERCATO CONTADINO IN FESTA 2023 \/ DOMENICA 21 MAGGIO 2023 - Mercato Contadino Roma e Castelli Romani","isPartOf":{"@id":"https:\/\/www.mercatocontadino.org\/public\/#website"},"primaryImageOfPage":{"@id":"https:\/\/www.mercatocontadino.org\/public\/biodiversamente-mercato-contadino-festa-2023\/#primaryimage"},"image":{"@id":"https:\/\/www.mercatocontadino.org\/public\/biodiversamente-mercato-contadino-festa-2023\/#primaryimage"},"thumbnailUrl":"https:\/\/www.mercatocontadino.org\/public\/wp-content\/uploads\/2023\/05\/biodiversamente_mercato_contadino_roma_prenestino_orizzontale.jpg","datePublished":"2023-04-25T13:35:37+00:00","dateModified":"2023-05-18T11:11:37+00:00","author":{"@id":"https:\/\/www.mercatocontadino.org\/public\/#\/schema\/person\/e4f15832d1f5c32f0800d694f83a60b0"},"description":"Partecipa alla Festa del Mercato Contadino \"BiodiversaMENTE\" a Roma, dedicata alla biodiversit\u00e0 e alla diversit\u00e0 culturale - Domenica 21 maggio 2023 \/ Parco Prampolini","breadcrumb":{"@id":"https:\/\/www.mercatocontadino.org\/public\/biodiversamente-mercato-contadino-festa-2023\/#breadcrumb"},"inLanguage":"it-IT","potentialAction":[{"@type":"ReadAction","target":["https:\/\/www.mercatocontadino.org\/public\/biodiversamente-mercato-contadino-festa-2023\/"]}]},{"@type":"ImageObject","inLanguage":"it-IT","@id":"https:\/\/www.mercatocontadino.org\/public\/biodiversamente-mercato-contadino-festa-2023\/#primaryimage","url":"https:\/\/www.mercatocontadino.org\/public\/wp-content\/uploads\/2023\/05\/biodiversamente_mercato_contadino_roma_prenestino_orizzontale.jpg","contentUrl":"https:\/\/www.mercatocontadino.org\/public\/wp-content\/uploads\/2023\/05\/biodiversamente_mercato_contadino_roma_prenestino_orizzontale.jpg","width":1920,"height":956,"caption":"biodiversamente mercato contadino roma prenestino orizzontale"},{"@type":"BreadcrumbList","@id":"https:\/\/www.mercatocontadino.org\/public\/biodiversamente-mercato-contadino-festa-2023\/#breadcrumb","itemListElement":[{"@type":"ListItem","position":1,"name":"Home","item":"https:\/\/www.mercatocontadino.org\/public\/"},{"@type":"ListItem","position":2,"name":"\u201cBIODIVERSAMENTE\u201d MERCATO CONTADINO IN FESTA 2023 \/ DOMENICA 21 MAGGIO 2023"}]},{"@type":"WebSite","@id":"https:\/\/www.mercatocontadino.org\/public\/#website","url":"https:\/\/www.mercatocontadino.org\/public\/","name":"Mercato Contadino Roma e Castelli Romani","description":"Diffondiamo Prodotti Agroalimentari di Qualit\u00e0, Km0, di Filiera Corta","potentialAction":[{"@type":"SearchAction","target":{"@type":"EntryPoint","urlTemplate":"https:\/\/www.mercatocontadino.org\/public\/?s={search_term_string}"},"query-input":{"@type":"PropertyValueSpecification","valueRequired":true,"valueName":"search_term_string"}}],"inLanguage":"it-IT"},{"@type":"Person","@id":"https:\/\/www.mercatocontadino.org\/public\/#\/schema\/person\/e4f15832d1f5c32f0800d694f83a60b0","name":"ilmercatocontadino","image":{"@type":"ImageObject","inLanguage":"it-IT","@id":"https:\/\/www.mercatocontadino.org\/public\/#\/schema\/person\/image\/","url":"https:\/\/secure.gravatar.com\/avatar\/6be7c69f945bd40eac48b275f27f29e4?s=96&d=mm&r=g","contentUrl":"https:\/\/secure.gravatar.com\/avatar\/6be7c69f945bd40eac48b275f27f29e4?s=96&d=mm&r=g","caption":"ilmercatocontadino"},"url":"https:\/\/www.mercatocontadino.org\/public\/author\/ilmercatocontadino\/"}]}},"_links":{"self":[{"href":"https:\/\/www.mercatocontadino.org\/public\/wp-json\/wp\/v2\/posts\/3603"}],"collection":[{"href":"https:\/\/www.mercatocontadino.org\/public\/wp-json\/wp\/v2\/posts"}],"about":[{"href":"https:\/\/www.mercatocontadino.org\/public\/wp-json\/wp\/v2\/types\/post"}],"author":[{"embeddable":true,"href":"https:\/\/www.mercatocontadino.org\/public\/wp-json\/wp\/v2\/users\/1"}],"replies":[{"embeddable":true,"href":"https:\/\/www.mercatocontadino.org\/public\/wp-json\/wp\/v2\/comments?post=3603"}],"version-history":[{"count":11,"href":"https:\/\/www.mercatocontadino.org\/public\/wp-json\/wp\/v2\/posts\/3603\/revisions"}],"predecessor-version":[{"id":3646,"href":"https:\/\/www.mercatocontadino.org\/public\/wp-json\/wp\/v2\/posts\/3603\/revisions\/3646"}],"wp:featuredmedia":[{"embeddable":true,"href":"https:\/\/www.mercatocontadino.org\/public\/wp-json\/wp\/v2\/media\/3634"}],"wp:attachment":[{"href":"https:\/\/www.mercatocontadino.org\/public\/wp-json\/wp\/v2\/media?parent=3603"}],"wp:term":[{"taxonomy":"category","embeddable":true,"href":"https:\/\/www.mercatocontadino.org\/public\/wp-json\/wp\/v2\/categories?post=3603"},{"taxonomy":"post_tag","embeddable":true,"href":"https:\/\/www.mercatocontadino.org\/public\/wp-json\/wp\/v2\/tags?post=3603"}],"curies":[{"name":"wp","href":"https:\/\/api.w.org\/{rel}","templated":true}]}}