{"id":3520,"date":"2023-03-01T20:50:32","date_gmt":"2023-03-01T19:50:32","guid":{"rendered":"https:\/\/www.mercatocontadino.org\/public\/?p=3520"},"modified":"2023-03-27T22:59:13","modified_gmt":"2023-03-27T20:59:13","slug":"festa-della-madre-terra-2023-roma","status":"publish","type":"post","link":"https:\/\/www.mercatocontadino.org\/public\/festa-della-madre-terra-2023-roma\/","title":{"rendered":"Festa della Madre Terra 2023 a Roma"},"content":{"rendered":"<ol>\n<li class=\"x11i5rnm xat24cr x1mh8g0r x1vvkbs xdj266r\">Edizione straordinaria del \ud835\udde0\ud835\uddf2\ud835\uddff\ud835\uddf0\ud835\uddee\ud835\ude01\ud835\uddfc \ud835\uddd6\ud835\uddfc\ud835\uddfb\ud835\ude01\ud835\uddee\ud835\uddf1\ud835\uddf6\ud835\uddfb\ud835\uddfc \ud835\udde5\ud835\uddfc\ud835\uddfa\ud835\uddee \ud835\uddf2 \ud835\uddd6\ud835\uddee\ud835\ude00\ud835\ude01\ud835\uddf2\ud835\uddf9\ud835\uddf9\ud835\uddf6 \ud835\udde5\ud835\uddfc\ud835\uddfa\ud835\uddee\ud835\uddfb\ud835\uddf6 all&#8217;interno dell&#8217;Ippodromo Capannelle domenica 26 marzo 2023, dalle ore 9 alle 18,30 una giornata da trascorrere tutti insieme per festeggiare la \ud835\udc0c\ud835\udc1a\ud835\udc1d\ud835\udc2b\ud835\udc1e \ud835\udc13\ud835\udc1e\ud835\udc2b\ud835\udc2b\ud835\udc1a.<\/li>\n<\/ol>\n<div><a href=\"https:\/\/www.mercatocontadino.org\/public\/festa-della-madre-terra-2023-roma-BIGLIETTO\/\" target=\"_blank\" rel=\"noopener\"><strong>SCARICA IL BIGLIETTO OMAGGIO<\/strong><\/a><\/div>\n<p>&nbsp;<\/p>\n<div class=\"x11i5rnm xat24cr x1mh8g0r x1vvkbs xtlvy1s\">Mercato contadino, street food contadino, pic-nic, artigianato, benessere e operatori olistici, market magico, laboratori per grandi e bambini, scambio semi e piantine, musica \ud835\ude1d\ud835\ude22\ud835\ude28\ud835\ude22\ud835\ude14\ud835\ude26\ud835\ude2f\ud835\ude35\ud835\ude26 \ud835\ude09\ud835\ude2d\ud835\ude36\ud835\ude26\ud835\ude34 in Tour con \ud835\udc6b\ud835\udc82\ud835\udc97\ud835\udc86 \ud835\udc77\ud835\udc89\ud835\udc8a\ud835\udc8d\ud835\udc90\ud835\udc94\ud835\udc90\ud835\udc91\ud835\udc89\ud835\udc86\ud835\udc93!<\/div>\n<div class=\"x11i5rnm xat24cr x1mh8g0r x1vvkbs xtlvy1s\">\ud835\udc12\ud835\udc2d\ud835\udc2b\ud835\udc1e\ud835\udc1e\ud835\udc2d \ud835\udc1f\ud835\udc1a\ud835\udc2b\ud835\udc26 \ud835\udc1f\ud835\udc28\ud835\udc28\ud835\udc1d: perch\u00e9 non vogliamo n\u00e9 gli chef stellati della prima repubblica, n\u00e9 gli street chef che usano a piene mani i prodotti delle multinazionali. \u201cStreet farm food\u201d perch\u00e9 i contadini agri-chef, i farmers, mettono le \u201cmaterie prime locali\u201d al primo posto, prima dei riti della repubblica dei cuochi e delle cerimonie \u201cdell\u2019impiattamento\u201d. Sponsor dell\u2019evento \ud835\uddd9\ud835\ude02\ud835\ude00\ud835\ude01\ud835\uddfc\ud835\uddf0\ud835\uddf8 \ud835\uddef\ud835\uddf6\ud835\uddff\ud835\uddff\ud835\uddf2\ud835\uddff\ud835\uddf6\ud835\uddee con le migliori birre artigianali.<\/div>\n<div class=\"x11i5rnm xat24cr x1mh8g0r x1vvkbs xtlvy1s\">\ud835\uddd7\ud835\udde2\ud835\udde1\ud835\udde2 \ud835\uddd7\ud835\uddd8\ud835\udddf\ud835\udddf\ud835\uddd4 \ud835\udde3\ud835\uddd4\ud835\udde6\ud835\udde7\ud835\uddd4 \ud835\udde0\ud835\uddd4\ud835\uddd7\ud835\udde5\ud835\uddd8<br \/>\nGrazie all\u2019Azienda agricola \ud835\udde8\ud835\uddfa\ud835\uddef\ud835\uddf2\ud835\uddff\ud835\ude01\ud835\uddfc \ud835\uddd7\ud835\uddf6 \ud835\udde3\ud835\uddf6\ud835\uddf2\ud835\ude01\ud835\uddff\ud835\uddfc \ud835\uddf9&#8217;\ud835\uddd4\ud835\uddfb\ud835\ude01\ud835\uddf6\ud835\uddf0\ud835\uddee \ud835\udde0\ud835\uddee\ud835\uddf0\ud835\uddf6\ud835\uddfb\ud835\uddee. Imparare come fare in casa un pane buonissimo e digeribile, senza forni costosi o attrezzature particolari. Si pu\u00f2 ritornare, come ai \u201ctempi di una volta\u201d a fare il pane in casa, una pratica comune a tutti i popoli del mondo, da riscoprire nella sua semplicit\u00e0 per dare al nostro cibo quotidiano un sapore dimenticato.<br \/>\nPerch\u00e9 il dono \u00e8 il modo dell\u2019incontro con la vita, e con l\u2019altro, avvicina le persone, consente all\u2019uno, donatore e ricevente, di vedere il volto dell\u2019altro: il Mercato Contadino non \u00e8 soltanto scambio di merci ma un vero e proprio luogo di scambio di idee, passioni e culture.<\/div>\n<div class=\"x11i5rnm xat24cr x1mh8g0r x1vvkbs xtlvy1s\">\ud835\udde6\ud835\uddd6\ud835\uddd4\ud835\udde0\ud835\uddd5\ud835\udddc\ud835\udde2 \ud835\udde6\ud835\uddd8\ud835\udde0\ud835\udddc \ud835\uddd8 \ud835\udde3\ud835\udddc\ud835\uddd4\ud835\udde1\ud835\udde7\ud835\udddc\ud835\udde1\ud835\uddd8<\/div>\n<div class=\"x11i5rnm xat24cr x1mh8g0r x1vvkbs xtlvy1s\">Grazie all&#8217; \ud835\udde2\ud835\uddff\ud835\ude01\ud835\uddfc \ud835\uddd5\ud835\uddfc\ud835\ude01\ud835\uddee\ud835\uddfb\ud835\uddf6\ud835\uddf0\ud835\uddfc di \ud835\udde5\ud835\uddfc\ud835\uddfa\ud835\uddee &#8220;\ud835\udde8\ud835\uddfb\ud835\uddf6\ud835\ude03\ud835\uddf2\ud835\uddff\ud835\ude00\ud835\uddf6\ud835\ude01\ud835\uddee\u0300 \ud835\uddf1\ud835\uddf6 \ud835\udde7\ud835\uddfc\ud835\uddff \ud835\udde9\ud835\uddf2\ud835\uddff\ud835\uddf4\ud835\uddee\ud835\ude01\ud835\uddee&#8221; verranno allestiti dei tavoli per lo scambio dei semi per affermare e difendere la libert\u00e0 di conservare, utilizzare e scambiare le sementi: un semplice gesto locale per essere parte della campagna globale finalizzata alla sensibilizzazione di cittadini e istituzioni intorno ai temi della salvaguardia della biodiversit\u00e0 e della sicurezza alimentare.<\/div>\n<div><strong>SCARICA IL BIGLIETTO OMAGGIO<\/strong><\/div>\n<div class=\"x11i5rnm xat24cr x1mh8g0r x1vvkbs xtlvy1s\">\ud835\udddf\ud835\uddd4\ud835\uddd5\ud835\udde2\ud835\udde5\ud835\uddd4\ud835\udde7\ud835\udde2\ud835\udde5\ud835\udddc dalle ore 10<\/div>\n<div class=\"x11i5rnm xat24cr x1mh8g0r x1vvkbs xtlvy1s\"><span class=\"x3nfvp2 x1j61x8r x1fcty0u xdj266r xhhsvwb xat24cr xgzva0m xxymvpz xlup9mm x1kky2od\"><img loading=\"lazy\" decoding=\"async\" src=\"https:\/\/static.xx.fbcdn.net\/images\/emoji.php\/v9\/tb4\/2\/16\/2705.png\" alt=\"\u2705\" width=\"16\" height=\"16\" \/><\/span>\u00a0\ud835\udc7a\ud835\udc6c\ud835\udc74\ud835\udc70\ud835\udc75\ud835\udc70\ud835\udc68\ud835\udc74\ud835\udc76 \ud835\udc6c\ud835\udc74\ud835\udc76\ud835\udc81\ud835\udc70\ud835\udc76\ud835\udc75\ud835\udc70 Laboratorio per bambini dai 5 anni (graditi anche i genitori e i nonni) a cura di \ud835\ude4b\ud835\ude56\ud835\ude64\ud835\ude61\ud835\ude56 \ud835\ude49\ud835\ude64\ud835\ude69\ud835\ude56\ud835\ude67\ud835\ude64 dalle ore 10 alle 11,30 &#8211; giochi, ascolto, contatto e movimento con la nostra meravigliosa Madre Terra!<br \/>\nPartecipazione gratuita, offerta libera!<\/div>\n<div class=\"x11i5rnm xat24cr x1mh8g0r x1vvkbs xtlvy1s\"><span class=\"x3nfvp2 x1j61x8r x1fcty0u xdj266r xhhsvwb xat24cr xgzva0m xxymvpz xlup9mm x1kky2od\"><img loading=\"lazy\" decoding=\"async\" src=\"https:\/\/static.xx.fbcdn.net\/images\/emoji.php\/v9\/tb4\/2\/16\/2705.png\" alt=\"\u2705\" width=\"16\" height=\"16\" \/><\/span>\ud835\ude3e\ud835\ude44 \ud835\ude51\ud835\ude50\ud835\ude4a\ud835\ude47\ud835\ude40 \ud835\ude50\ud835\ude49 \ud835\ude41\ud835\ude44\ud835\ude4a\ud835\ude4d\ud835\ude40 laboratorio di semina per bambini a cura di \ud835\ude4e\ud835\ude56\ud835\ude67\ud835\ude56 \ud835\ude59\ud835\ude5a\ud835\ude5e \ud835\ude41\ud835\ude5e\ud835\ude64\ud835\ude67\ud835\ude5e alle ore 11,30 e alle ore 14,30<br \/>\nPartecipazione gratuita, offerta libera!<\/div>\n<div class=\"x11i5rnm xat24cr x1mh8g0r x1vvkbs xtlvy1s\"><span class=\"x3nfvp2 x1j61x8r x1fcty0u xdj266r xhhsvwb xat24cr xgzva0m xxymvpz xlup9mm x1kky2od\"><img loading=\"lazy\" decoding=\"async\" src=\"https:\/\/static.xx.fbcdn.net\/images\/emoji.php\/v9\/tb4\/2\/16\/2705.png\" alt=\"\u2705\" width=\"16\" height=\"16\" \/><\/span>\ud835\udddf&#8217;\ud835\uddd4\ud835\udde5\ud835\udde7\ud835\uddd8 \ud835\uddd7\ud835\udddc \ud835\uddd6\ud835\udde5\ud835\uddd8\ud835\uddd4\ud835\udde5\ud835\uddd8 \ud835\udde8\ud835\udde1 \ud835\udde0\ud835\uddd4\ud835\udded\ud835\udded\ud835\udde2 \ud835\uddd7\ud835\udddc \ud835\uddd9\ud835\udddc\ud835\udde2\ud835\udde5\ud835\udddc Regalati un tocco di primavera! Laboratorio a cura di \ud835\ude4e\ud835\ude56\ud835\ude67\ud835\ude56 \ud835\ude59\ud835\ude5a\ud835\ude5e \ud835\ude41\ud835\ude5e\ud835\ude64\ud835\ude67\ud835\ude5e alle ore 15;30.<br \/>\nPartecipazione gratuita, contributo per i fiori!<\/div>\n<div class=\"x11i5rnm xat24cr x1mh8g0r x1vvkbs xtlvy1s\"><span class=\"x3nfvp2 x1j61x8r x1fcty0u xdj266r xhhsvwb xat24cr xgzva0m xxymvpz xlup9mm x1kky2od\"><img loading=\"lazy\" decoding=\"async\" src=\"https:\/\/static.xx.fbcdn.net\/images\/emoji.php\/v9\/tb4\/2\/16\/2705.png\" alt=\"\u2705\" width=\"16\" height=\"16\" \/><\/span>\u00a0Ci saranno inoltre attivit\u00e0 gratuite per bambini al \ud835\udde3\ud835\uddfc\ud835\uddfb\ud835\ude06 \ud835\udde9\ud835\uddf6\ud835\uddf9\ud835\uddf9\ud835\uddee\ud835\uddf4\ud835\uddf2, con percorsi ludico didattici, con il battesimo della sella dalle ore 11.00 alle 13.00 e dalle 14.00 alle 17.00 grazie a istruttori qualificati.<\/div>\n<div class=\"\"><span class=\"x3nfvp2 x1j61x8r x1fcty0u xdj266r xhhsvwb xat24cr xgzva0m xxymvpz xlup9mm x1kky2od\"><img loading=\"lazy\" decoding=\"async\" src=\"https:\/\/static.xx.fbcdn.net\/images\/emoji.php\/v9\/tb4\/2\/16\/2705.png\" alt=\"\u2705\" width=\"16\" height=\"16\" \/><\/span>ore 11,30 \ud835\udddf\ud835\uddee\ud835\uddef\ud835\uddfc\ud835\uddff\ud835\uddee\ud835\ude01\ud835\uddfc\ud835\uddff\ud835\uddf6\ud835\uddfc \ud835\uddee\ud835\uddfb\ud835\uddee\ud835\uddf9\ud835\uddf6\ud835\ude00\ud835\uddf6 \ud835\ude00\ud835\uddf2\ud835\uddfb\ud835\ude00\ud835\uddfc\ud835\uddff\ud835\uddf6\ud835\uddee\ud835\uddf9\ud835\uddf2 \ud835\uddf1\ud835\uddf2\ud835\uddf9\ud835\uddf9&#8217;\ud835\udde2\ud835\uddf9\ud835\uddf6\ud835\uddfc \ud835\uddd8\ud835\ude05\ud835\ude01\ud835\uddff\ud835\uddee \ud835\udde9\ud835\uddf2\ud835\uddff\ud835\uddf4\ud835\uddf6\ud835\uddfb\ud835\uddf2 \ud835\uddee \ud835\uddf0\ud835\ude02\ud835\uddff\ud835\uddee \ud835\uddf1\ud835\uddf2\ud835\uddf9 \ud835\uddfd\ud835\uddff\ud835\uddfc\ud835\uddf3. \ud835\udde0\ud835\uddee\ud835\uddff\ud835\uddf0\ud835\uddfc \ud835\uddda\ud835\uddff\ud835\uddf2\ud835\uddf4\ud835\uddf4\ud835\uddf6\ud835\uddfc, \ud835\uddee\ud835\uddf4\ud835\uddff\ud835\uddfc\ud835\uddfb\ud835\uddfc\ud835\uddfa\ud835\uddfc \ud835\uddf2 \ud835\uddee\ud835\uddfb\ud835\uddee\ud835\uddf9\ud835\uddf6\ud835\ude00\ud835\ude01\ud835\uddee \ud835\ude00\ud835\uddf2\ud835\uddfb\ud835\ude00\ud835\uddfc\ud835\uddff\ud835\uddf6\ud835\uddee\ud835\uddf9\ud835\uddf2.<br \/>\nLa scelta di prodotti di qualit\u00e0 \u00e8 alla base del nostro benessere.<br \/>\nAlla scoperta del gusto, prove pratiche di assaggio, analisi sensoriale, informazioni sui metodi di coltivazione, sulle tecniche di trasformazione e conservazione, sulle metodologie di valutazione delle caratteristiche sensoriali per imparare a \u201cscoprire\u201d e \u201criconoscere\u201d i pregi e i difetti degli oli esaminati. (partecipazione gratuita)<\/p>\n<div class=\"x11i5rnm xat24cr x1mh8g0r x1vvkbs xtlvy1s\"><span class=\"x3nfvp2 x1j61x8r x1fcty0u xdj266r xhhsvwb xat24cr xgzva0m xxymvpz xlup9mm x1kky2od\"><img loading=\"lazy\" decoding=\"async\" src=\"https:\/\/static.xx.fbcdn.net\/images\/emoji.php\/v9\/tb4\/2\/16\/2705.png\" alt=\"\u2705\" width=\"16\" height=\"16\" \/><\/span>ore 12,30 \ud835\ude47\ud835\ude3c\ud835\ude3d\ud835\ude4a\ud835\ude4d\ud835\ude3c\ud835\ude4f\ud835\ude4a\ud835\ude4d\ud835\ude44\ud835\ude4a \ud835\ude3f\ud835\ude40\ud835\ude47 \ud835\ude42\ud835\ude50\ud835\ude4e\ud835\ude4f\ud835\ude4a alla scoperta delle \ud835\ude3d\ud835\ude44\ud835\ude4d\ud835\ude4d\ud835\ude40 \ud835\ude3c\ud835\ude4d\ud835\ude4f\ud835\ude44\ud835\ude42\ud835\ude44\ud835\ude3c\ud835\ude49\ud835\ude3c\ud835\ude47\ud835\ude44 grazie a \ud835\ude41\ud835\ude6a\ud835\ude68\ud835\ude69\ud835\ude64\ud835\ude58\ud835\ude60 \ud835\ude57\ud835\ude67\ud835\ude5a\ud835\ude6c \ud835\ude5c\ud835\ude56\ud835\ude67\ud835\ude59\ud835\ude5a\ud835\ude63 \ud835\ude4b\ud835\ude56\ud835\ude67\ud835\ude58\ud835\ude64 \ud835\ude4d\ud835\ude64\ud835\ude62\ud835\ude56\ud835\ude63\ud835\ude64 \ud835\ude3d\ud835\ude5e\ud835\ude64\ud835\ude59\ud835\ude5e\ud835\ude68\ud835\ude69\ud835\ude67\ud835\ude5a\ud835\ude69\ud835\ude69\ud835\ude64, sponsor dell&#8217;evento. (partecipazione gratuita)<\/div>\n<div class=\"x11i5rnm xat24cr x1mh8g0r x1vvkbs xtlvy1s\"><span class=\"x3nfvp2 x1j61x8r x1fcty0u xdj266r xhhsvwb xat24cr xgzva0m xxymvpz xlup9mm x1kky2od\"><img loading=\"lazy\" decoding=\"async\" src=\"https:\/\/static.xx.fbcdn.net\/images\/emoji.php\/v9\/tb4\/2\/16\/2705.png\" alt=\"\u2705\" width=\"16\" height=\"16\" \/><\/span>\ud835\uddd8 \ud835\udde7\ud835\udde8 \ud835\uddd6\ud835\udddb\ud835\uddd8 \ud835\uddd4\ud835\uddd6\ud835\udde4\ud835\udde8\ud835\uddd4 \ud835\uddd5\ud835\uddd8\ud835\udde9\ud835\udddc? Seminario informativo sull&#8217;acqua del futuro, l&#8217;acqua alcalina ionizzata con idrogeno molecolare &#8211; grazie alla tecnologia giapponese. Dimostrazione pratica di comparazione con altre tipologie di acqua. Grazie a \ud835\ude47\ud835\ude6a\ud835\ude58\ud835\ude56 \ud835\ude48\ud835\ude56\ud835\ude67\ud835\ude5e\ud835\ude56 \ud835\ude3e\ud835\ude56\ud835\ude68\ud835\ude5a\ud835\ude61\ud835\ude61\ud835\ude56.(partecipazione gratuita)<\/div>\n<\/div>\n<div><a href=\"https:\/\/www.mercatocontadino.org\/public\/festa-della-madre-terra-2023-roma-BIGLIETTO\/\" target=\"_blank\" rel=\"noopener\"><strong>SCARICA IL BIGLIETTO OMAGGIO<\/strong><\/a><\/div>\n<div class=\"x11i5rnm xat24cr x1mh8g0r x1vvkbs xtlvy1s\">\n<div class=\"x11i5rnm xat24cr x1mh8g0r x1vvkbs xtlvy1s\">\ud835\uddd5\ud835\uddd8\ud835\udde1\ud835\uddd8\ud835\udde6\ud835\udde6\ud835\uddd8\ud835\udde5\ud835\uddd8 \ud835\uddd8 \ud835\udde2\ud835\udde3\ud835\uddd8\ud835\udde5\ud835\uddd4\ud835\udde7\ud835\udde2\ud835\udde5\ud835\udddc \ud835\udde2\ud835\udddf\ud835\udddc\ud835\udde6\ud835\udde7\ud835\udddc\ud835\uddd6\ud835\udddc:<br \/>\nMolti operatori olistici a disposizione per consulenze e trattamenti da poter effettuare durante la giornata: shiatsu, cristalloterapia, ayurvedici, riflessologia plantare, astrologia antica, reiki, diapason, pranoterapia, tarologia, costellazioni, letture registri akashici, rune, counselling e coaching.<\/div>\n<div class=\"x11i5rnm xat24cr x1mh8g0r x1vvkbs xtlvy1s\">ore 11,30 \ud835\uddf9\ud835\uddf2\ud835\ude07\ud835\uddf6\ud835\uddfc\ud835\uddfb\ud835\uddf2 \ud835\uddf1\ud835\uddf6 \ud835\ude06\ud835\uddfc\ud835\uddf4\ud835\uddee \ud835\ude00\ud835\uddf0\ud835\uddf6\ud835\uddee\ud835\uddfa\ud835\uddee\ud835\uddfb\ud835\uddf6\ud835\uddf0\ud835\uddfc all&#8217;aperto, open-air con \ud835\udc6e\ud835\udc8d\ud835\udc90\ud835\udc93\ud835\udc8a\ud835\udc82 \ud835\udc77\ud835\udc8a\ud835\udc94\ud835\udc95\ud835\udc90\ud835\udc8d\ud835\udc86\ud835\udc94\ud835\udc8a. E&#8217; uno yoga integrale, movimento libero per una mente libera, per uno spirito libero.<\/div>\n<div class=\"x11i5rnm xat24cr x1mh8g0r x1vvkbs xtlvy1s\">Info e prenotazioni: 3286218405<\/div>\n<div><\/div>\n<div class=\"x11i5rnm xat24cr x1mh8g0r x1vvkbs xtlvy1s\">Anche \ud835\uddda\ud835\uddff\ud835\uddf2\ud835\uddf2\ud835\uddfb\ud835\uddfd\ud835\uddf2\ud835\uddee\ud835\uddf0\ud835\uddf2 Gruppo Locale Roma con noi!<br \/>\nI dialogatori parteciperanno alla festa della madre terra &#8211; per una giornata dedicata alla natura: dalla protezione dei nostri mari, alla riduzione della plastica, dalla lotta contro la deforestazione a quella contro i cambiamenti climatici!<\/div>\n<div><\/div>\n<div class=\"x11i5rnm xat24cr x1mh8g0r x1vvkbs xtlvy1s\">Venite a trovarci&#8230; il Pianeta ringrazia!<\/div>\n<div class=\"x11i5rnm xat24cr x1mh8g0r x1vvkbs xtlvy1s\">Perch\u00e9 sostenere il \ud835\ude48\ud835\ude5a\ud835\ude67\ud835\ude58\ud835\ude56\ud835\ude69\ud835\ude64 \ud835\ude3e\ud835\ude64\ud835\ude63\ud835\ude69\ud835\ude56\ud835\ude59\ud835\ude5e\ud835\ude63\ud835\ude64?<\/div>\n<div class=\"x11i5rnm xat24cr x1mh8g0r x1vvkbs xtlvy1s\">Per promuovere la biodiversit\u00e0 e affermare modelli di consumo consapevole e di filiera corta volti a favorire l\u2019incontro diretto tra produttori e consumatori, contribuendo cos\u00ec all\u2019eliminazione delle intermediazioni commerciali che determinano aumenti dei costi dei prodotti ed aumento dei rischi di danno ambientale e sanitario: filiere lunghe dei trasporti, aumento delle emissioni nocive di anidride carbonica e dei tempi di stoccaggio ed immagazzinamento, maggiori rischi di deperibilit\u00e0 e di ricorso a trattamenti chimici.<\/div>\n<div class=\"x11i5rnm xat24cr x1mh8g0r x1vvkbs xtlvy1s\">Il \ud835\udde0\ud835\uddf2\ud835\uddff\ud835\uddf0\ud835\uddee\ud835\ude01\ud835\uddfc \ud835\uddd6\ud835\uddfc\ud835\uddfb\ud835\ude01\ud835\uddee\ud835\uddf1\ud835\uddf6\ud835\uddfb\ud835\uddfc \ud835\udde5\ud835\uddfc\ud835\uddfa\ud835\uddee \ud835\uddf2 \ud835\uddd6\ud835\uddee\ud835\ude00\ud835\ude01\ud835\uddf2\ud835\uddf9\ud835\uddf9\ud835\uddf6 \ud835\udde5\ud835\uddfc\ud835\uddfa\ud835\uddee\ud835\uddfb\ud835\uddf6 da sempre impegnato nella diffusione della cultura del cibo, rafforza con questo evento la propria alleanza con le associazioni e le organizzazioni che promuovono l\u2019ecosostenibilit\u00e0, perch\u00e9 il modello di agricoltura industriale, basato sull\u2019utilizzo di sostanze chimiche e guidato dal profitto, rappresenta un\u2019enorme minaccia per l\u2019ambiente e la salute.<br \/>\nLa diffusione di pratiche biologiche o di agricoltura naturale, cos\u00ec come il consumo di prodotti locali, sono un\u2019ottima alternativa al modello agricolo industriale. Insieme possiamo restituire al cibo il suo significato: fonte di vita per tutti gli abitanti del pianeta, presidio per la salvaguardia del nostro pianeta.<\/div>\n<div class=\"x11i5rnm xat24cr x1mh8g0r x1vvkbs xtlvy1s\">\ud835\udc06\ud835\udc22\ud835\udc28\ud835\udc2b\ud835\udc27\ud835\udc1a\ud835\udc2d\ud835\udc1a \ud835\udc1d\ud835\udc22 \ud835\udc2c\ud835\udc28\ud835\udc25\ud835\udc22\ud835\udc1d\ud835\udc1a\ud835\udc2b\ud835\udc22\ud835\udc1e\ud835\udc2d\ud835\udc1a\u0300, moltissime istituzioni ed associazioni del territorio sostengono il nostro progetto di filiera corta: Orto Botanico Roma &#8220;Tor Vergata&#8221;, Navdanya International, Seed Freedom, Medici Senza Frontiere, Greenpeace, Kwantlen Polytechnic University, Food Relovution, UAM.TV, Legambiente Onlus, Italia Nostra, Terre des hommes, ActionAid Roma, CEREALIA &#8211; La Festa dei Cereali, Parco Romano Biodistretto, Libera Contro le Mafie.<\/div>\n<div class=\"x11i5rnm xat24cr x1mh8g0r x1vvkbs xtlvy1s\">Uniti per difendere la centralit\u00e0 della tematica \u201c\ud835\ude3e\ud835\ude44\ud835\ude3d\ud835\ude4a\u201d quale presidio fondamentale per i diritti di cittadinanza, la tutela dell\u2019ambiente e la promozione dell\u2019economia locale.<\/div>\n<div class=\"x11i5rnm xat24cr x1mh8g0r x1vvkbs xtlvy1s\">Info\u00a0<a class=\"x1i10hfl xjbqb8w x6umtig x1b1mbwd xaqea5y xav7gou x9f619 x1ypdohk xt0psk2 xe8uvvx xdj266r x11i5rnm xat24cr x1mh8g0r xexx8yu x4uap5 x18d9i69 xkhd6sd x16tdsg8 x1hl2dhg xggy1nq x1a2a7pz xt0b8zv x1fey0fg\" tabindex=\"0\" role=\"link\" href=\"https:\/\/l.facebook.com\/l.php?u=http%3A%2F%2Fwww.mercatocontadino.org%2F%3Ffbclid%3DIwAR3epq3v-KDxh_lNtRbSEXXM8sncwtJ4mv6qQo5CrhUB1BgGf3_n7icyjcU&amp;h=AT0EVwmeZTBPEMXDxKxrt6jDVg0weAjz2nHYrxQmTY9cZMivp_-cHjFQmdjsXCVGVRZm-t0vdwwYodxfKKyFcxTZdgnmPh-tNizf6aKKGUg1n53gSYq8aHqDcxHyO0aAxjSkKBGbFQml2PPMYcdSGm-XWg&amp;__tn__=q&amp;c[0]=AT2nTzm6N1PhE3XgplhCBeLbjCr-BaE5U-Ri7RLk7D5ydNzXcz9xmuOidTsL_AhbE-HotnZqLkgPtTGXPxcEqpt2n64kAZs2HS6uSmgAbbGl1vr5vZps2pF8eX4QUMmRHSnE-wXcjGnfZoDkbyX53sO2DI2k\" target=\"_blank\" rel=\"nofollow noopener\">www.mercatocontadino.org<\/a><br \/>\ntel 3898830642<br \/>\n<a class=\"x1i10hfl xjbqb8w x6umtig x1b1mbwd xaqea5y xav7gou x9f619 x1ypdohk xt0psk2 xe8uvvx xdj266r x11i5rnm xat24cr x1mh8g0r xexx8yu x4uap5 x18d9i69 xkhd6sd x16tdsg8 x1hl2dhg xggy1nq x1a2a7pz xt0b8zv xzsf02u x1s688f\" tabindex=\"0\" role=\"link\" href=\"https:\/\/www.facebook.com\/events\/?__cft__[0]=AZUgeNJrAATmlXdK4bz5m8qVC2vIFAVdFfexIUKDG3mxOkUNfG7DTx8XizXnilGOVVEwm5VDq6Pg9q8CqZUL9WDGpGL6GTnJvXODRhhwm4Gw1MzVqnMwfuRgc-UiIDWLdcc&amp;__tn__=q\">https:\/\/www.facebook.com\/events\/<\/a><br \/>\nScopri \ud835\uddd7\ud835\udde2\ud835\udde9\ud835\uddd8 \ud835\uddf2 \ud835\udde4\ud835\udde8\ud835\uddd4\ud835\udde1\ud835\uddd7\ud835\udde2 si svolge il Mercato Contadino Roma e Castelli Romani<br \/>\n<a class=\"x1i10hfl xjbqb8w x6umtig x1b1mbwd xaqea5y xav7gou x9f619 x1ypdohk xt0psk2 xe8uvvx xdj266r x11i5rnm xat24cr x1mh8g0r xexx8yu x4uap5 x18d9i69 xkhd6sd x16tdsg8 x1hl2dhg xggy1nq x1a2a7pz xt0b8zv x1fey0fg\" tabindex=\"0\" role=\"link\" href=\"https:\/\/l.facebook.com\/l.php?u=http%3A%2F%2Fwww.mercatocontadino.org%2F%3Ffbclid%3DIwAR2KRImgLdznU72G67RAe9Mattvt2GoRwUjswveFtBc9Zh3scuExjNXKvOM&amp;h=AT0EVwmeZTBPEMXDxKxrt6jDVg0weAjz2nHYrxQmTY9cZMivp_-cHjFQmdjsXCVGVRZm-t0vdwwYodxfKKyFcxTZdgnmPh-tNizf6aKKGUg1n53gSYq8aHqDcxHyO0aAxjSkKBGbFQml2PPMYcdSGm-XWg&amp;__tn__=q&amp;c[0]=AT2nTzm6N1PhE3XgplhCBeLbjCr-BaE5U-Ri7RLk7D5ydNzXcz9xmuOidTsL_AhbE-HotnZqLkgPtTGXPxcEqpt2n64kAZs2HS6uSmgAbbGl1vr5vZps2pF8eX4QUMmRHSnE-wXcjGnfZoDkbyX53sO2DI2k\" target=\"_blank\" rel=\"nofollow noopener\">www.mercatocontadino.org<\/a><br \/>\nBuon cibo!<\/div>\n<div class=\"x11i5rnm xat24cr x1mh8g0r x1vvkbs xtlvy1s\">Ti aspettiamo alla<br \/>\n\ud835\uddd9\ud835\uddf2\ud835\ude00\ud835\ude01\ud835\uddee \ud835\uddf1\ud835\uddf2\ud835\uddf9\ud835\uddf9\ud835\uddee \ud835\udde0\ud835\uddee\ud835\uddf1\ud835\uddff\ud835\uddf2 \ud835\udde7\ud835\uddf2\ud835\uddff\ud835\uddff\ud835\uddee !<br \/>\nIPPODROMO CAPANNELLE<br \/>\nRoma Domenica 26 marzo 2023<br \/>\nVia Appia Nuova, 1245 Roma<br \/>\n<span class=\"x3nfvp2 x1j61x8r x1fcty0u xdj266r xhhsvwb xat24cr xgzva0m xxymvpz xlup9mm x1kky2od\"><img loading=\"lazy\" decoding=\"async\" src=\"https:\/\/static.xx.fbcdn.net\/images\/emoji.php\/v9\/t47\/2\/16\/1f550.png\" alt=\"\ud83d\udd50\" width=\"16\" height=\"16\" \/><\/span>\u00a09.00 \u2013 18.30<\/div>\n<div class=\"x11i5rnm xat24cr x1mh8g0r x1vvkbs xtlvy1s\"><span class=\"x3nfvp2 x1j61x8r x1fcty0u xdj266r xhhsvwb xat24cr xgzva0m xxymvpz xlup9mm x1kky2od\"><img loading=\"lazy\" decoding=\"async\" src=\"https:\/\/static.xx.fbcdn.net\/images\/emoji.php\/v9\/t42\/2\/16\/1f193.png\" alt=\"\ud83c\udd93\" width=\"16\" height=\"16\" \/><\/span>\u00a0Ingresso a offerta libera, scarica il biglietto omaggio a partire dal 10 marzo 2023 sul sito\u00a0<a class=\"x1i10hfl xjbqb8w x6umtig x1b1mbwd xaqea5y xav7gou x9f619 x1ypdohk xt0psk2 xe8uvvx xdj266r x11i5rnm xat24cr x1mh8g0r xexx8yu x4uap5 x18d9i69 xkhd6sd x16tdsg8 x1hl2dhg xggy1nq x1a2a7pz xt0b8zv x1fey0fg\" tabindex=\"0\" role=\"link\" href=\"https:\/\/l.facebook.com\/l.php?u=http%3A%2F%2Fwww.mercatocontadino.org%2F%3Ffbclid%3DIwAR1j1dYWPyRPTaPHkwfXL6jF8NauBf5SyPcVQFYX-WIAcgiy2flGgcgw1dE&amp;h=AT0EVwmeZTBPEMXDxKxrt6jDVg0weAjz2nHYrxQmTY9cZMivp_-cHjFQmdjsXCVGVRZm-t0vdwwYodxfKKyFcxTZdgnmPh-tNizf6aKKGUg1n53gSYq8aHqDcxHyO0aAxjSkKBGbFQml2PPMYcdSGm-XWg&amp;__tn__=q&amp;c[0]=AT2nTzm6N1PhE3XgplhCBeLbjCr-BaE5U-Ri7RLk7D5ydNzXcz9xmuOidTsL_AhbE-HotnZqLkgPtTGXPxcEqpt2n64kAZs2HS6uSmgAbbGl1vr5vZps2pF8eX4QUMmRHSnE-wXcjGnfZoDkbyX53sO2DI2k\" target=\"_blank\" rel=\"nofollow noopener\">www.mercatocontadino.org<\/a><\/div>\n<div class=\"x11i5rnm xat24cr x1mh8g0r x1vvkbs xtlvy1s\"><span class=\"x3nfvp2 x1j61x8r x1fcty0u xdj266r xhhsvwb xat24cr xgzva0m xxymvpz xlup9mm x1kky2od\"><img loading=\"lazy\" decoding=\"async\" src=\"https:\/\/static.xx.fbcdn.net\/images\/emoji.php\/v9\/tce\/2\/16\/1f436.png\" alt=\"\ud83d\udc36\" width=\"16\" height=\"16\" \/><\/span>\u00a0Pet friendly<\/div>\n<div class=\"x11i5rnm xat24cr x1mh8g0r x1vvkbs xtlvy1s\">PARCHEGGIO<br \/>\nPer chi viene in auto c\u2019\u00e8 un ampio parcheggio gratuito di fronte alla struttura. In alternativa quello dell\u2019Ippodromo custodito a 2 euro per la giornata<br \/>\nCome Arrivare<br \/>\nTRENO<br \/>\nLa fermata del treno \u00e8 Capannelle, a circa 500 metri. Il servizio ferroviario FL4 che effettua fermata a Capannelle parte dalla Stazione Termini ed ha come direzioni: Ciampino, Albano Laziale, Frascati, Velletri.<br \/>\nAUTOBUS<br \/>\nLa fermata del bus pi\u00f9 vicina (Capannelle \u2013 Appia nuova) \u00e8 distante 100 metri dall\u2019ingresso principale.<br \/>\nI bus che effettuano collegamento presso questa fermata sono:<br \/>\nlinea 664 Lgo Colli Albani \u2013 Cosoleto\/ linea 654 Lagonegro \u2013 Cinecitt\u00e0<br \/>\nMETRO<br \/>\nMetro A fino alla fermata di Cinecitt\u00e0 e autobus di linea n\u00b0 654 direzione Lagonegro \u2013 fermata Capannelle\/Appia Nuova.<br \/>\nMetro A fino Stazione Colli Albani e autobus n\u00b0 664 direzione Cosoleto \u2013 fermata Capannelle\/Appia Nuova.<\/div>\n<div class=\"x11i5rnm xat24cr x1mh8g0r x1vvkbs xtlvy1s\">Proposte, suggerimenti, richieste di partecipazione da inviare a info@mercatocontadino.org<br \/>\n\ud835\udde0\ud835\uddf2\ud835\ude00\ud835\ude00\ud835\uddee\ud835\uddf4\ud835\uddf4\ud835\uddf6 \ud835\ude04\ud835\uddf5\ud835\uddee\ud835\ude01\ud835\ude00\ud835\uddee\ud835\uddfd\ud835\uddfd \ud835\uddee\ud835\uddf9 \ud835\udfef\ud835\udff4\ud835\udff5\ud835\udff4\ud835\udff4\ud835\udfef\ud835\udfec\ud835\udff2\ud835\udff0\ud835\udfee<br \/>\n<a class=\"x1i10hfl xjbqb8w x6umtig x1b1mbwd xaqea5y xav7gou x9f619 x1ypdohk xt0psk2 xe8uvvx xdj266r x11i5rnm xat24cr x1mh8g0r xexx8yu x4uap5 x18d9i69 xkhd6sd x16tdsg8 x1hl2dhg xggy1nq x1a2a7pz xt0b8zv x1fey0fg\" tabindex=\"0\" role=\"link\" href=\"https:\/\/l.facebook.com\/l.php?u=http%3A%2F%2Fwww.mercatocontadino.org%2F%3Ffbclid%3DIwAR3uP6KB1sjAxMYeu8SFJUB9IumK7RjYS7yPfJCpEAaZ1BZWwyzYs5MjbnY&amp;h=AT0EVwmeZTBPEMXDxKxrt6jDVg0weAjz2nHYrxQmTY9cZMivp_-cHjFQmdjsXCVGVRZm-t0vdwwYodxfKKyFcxTZdgnmPh-tNizf6aKKGUg1n53gSYq8aHqDcxHyO0aAxjSkKBGbFQml2PPMYcdSGm-XWg&amp;__tn__=q&amp;c[0]=AT2nTzm6N1PhE3XgplhCBeLbjCr-BaE5U-Ri7RLk7D5ydNzXcz9xmuOidTsL_AhbE-HotnZqLkgPtTGXPxcEqpt2n64kAZs2HS6uSmgAbbGl1vr5vZps2pF8eX4QUMmRHSnE-wXcjGnfZoDkbyX53sO2DI2k\" target=\"_blank\" rel=\"nofollow noopener\">www.mercatocontadino.org<\/a><\/div>\n<\/div>\n<div><\/div>\n<div><a href=\"https:\/\/www.mercatocontadino.org\/public\/festa-della-madre-terra-2023-roma-BIGLIETTO\/\" target=\"_blank\" rel=\"noopener\"><strong>SCARICA IL BIGLIETTO OMAGGIO<\/strong><\/a><\/div>\n","protected":false},"excerpt":{"rendered":"<p>Edizione straordinaria del \ud835\udde0\ud835\uddf2\ud835\uddff\ud835\uddf0\ud835\uddee\ud835\ude01\ud835\uddfc \ud835\uddd6\ud835\uddfc\ud835\uddfb\ud835\ude01\ud835\uddee\ud835\uddf1\ud835\uddf6\ud835\uddfb\ud835\uddfc \ud835\udde5\ud835\uddfc\ud835\uddfa\ud835\uddee \ud835\uddf2 \ud835\uddd6\ud835\uddee\ud835\ude00\ud835\ude01\ud835\uddf2\ud835\uddf9\ud835\uddf9\ud835\uddf6 \ud835\udde5\ud835\uddfc\ud835\uddfa\ud835\uddee\ud835\uddfb\ud835\uddf6 all&#8217;interno dell&#8217;Ippodromo Capannelle domenica 26 marzo 2023, dalle ore 9 alle 18,30 una giornata da trascorrere tutti insieme per festeggiare la \ud835\udc0c\ud835\udc1a\ud835\udc1d\ud835\udc2b\ud835\udc1e \ud835\udc13\ud835\udc1e\ud835\udc2b\ud835\udc2b\ud835\udc1a. SCARICA IL BIGLIETTO&#8230;<\/p>\n","protected":false},"author":1,"featured_media":3521,"comment_status":"open","ping_status":"open","sticky":false,"template":"","format":"standard","meta":{"footnotes":""},"categories":[5],"tags":[],"yoast_head":"<!-- This site is optimized with the Yoast SEO plugin v23.6 - https:\/\/yoast.com\/wordpress\/plugins\/seo\/ -->\r\n<title>Festa della Madre Terra 2023 a Roma - Mercato Contadino Roma e Castelli Romani<\/title>\r\n<meta name=\"robots\" content=\"index, follow, max-snippet:-1, max-image-preview:large, max-video-preview:-1\" \/>\r\n<link rel=\"canonical\" href=\"https:\/\/www.mercatocontadino.org\/public\/festa-della-madre-terra-2023-roma\/\" \/>\r\n<meta property=\"og:locale\" content=\"it_IT\" \/>\r\n<meta property=\"og:type\" content=\"article\" \/>\r\n<meta property=\"og:title\" content=\"Festa della Madre Terra 2023 a Roma - Mercato Contadino Roma e Castelli Romani\" \/>\r\n<meta property=\"og:description\" content=\"Edizione straordinaria del \ud835\udde0\ud835\uddf2\ud835\uddff\ud835\uddf0\ud835\uddee\ud835\ude01\ud835\uddfc \ud835\uddd6\ud835\uddfc\ud835\uddfb\ud835\ude01\ud835\uddee\ud835\uddf1\ud835\uddf6\ud835\uddfb\ud835\uddfc \ud835\udde5\ud835\uddfc\ud835\uddfa\ud835\uddee \ud835\uddf2 \ud835\uddd6\ud835\uddee\ud835\ude00\ud835\ude01\ud835\uddf2\ud835\uddf9\ud835\uddf9\ud835\uddf6 \ud835\udde5\ud835\uddfc\ud835\uddfa\ud835\uddee\ud835\uddfb\ud835\uddf6 all&#8217;interno dell&#8217;Ippodromo Capannelle domenica 26 marzo 2023, dalle ore 9 alle 18,30 una giornata da trascorrere tutti insieme per festeggiare la \ud835\udc0c\ud835\udc1a\ud835\udc1d\ud835\udc2b\ud835\udc1e \ud835\udc13\ud835\udc1e\ud835\udc2b\ud835\udc2b\ud835\udc1a. SCARICA IL BIGLIETTO...\" \/>\r\n<meta property=\"og:url\" content=\"https:\/\/www.mercatocontadino.org\/public\/festa-della-madre-terra-2023-roma\/\" \/>\r\n<meta property=\"og:site_name\" content=\"Mercato Contadino Roma e Castelli Romani\" \/>\r\n<meta property=\"article:published_time\" content=\"2023-03-01T19:50:32+00:00\" \/>\r\n<meta property=\"article:modified_time\" content=\"2023-03-27T20:59:13+00:00\" \/>\r\n<meta property=\"og:image\" content=\"https:\/\/www.mercatocontadino.org\/public\/wp-content\/uploads\/2023\/03\/COVER_festa_madre_terra_2023_domenica_9_ottobre_roma_mercato_contadin-scaled.jpg\" \/>\r\n\t<meta property=\"og:image:width\" content=\"2560\" \/>\r\n\t<meta property=\"og:image:height\" content=\"1440\" \/>\r\n\t<meta property=\"og:image:type\" content=\"image\/jpeg\" \/>\r\n<meta name=\"author\" content=\"ilmercatocontadino\" \/>\r\n<meta name=\"twitter:card\" content=\"summary_large_image\" \/>\r\n<meta name=\"twitter:label1\" content=\"Scritto da\" \/>\n\t<meta name=\"twitter:data1\" content=\"ilmercatocontadino\" \/>\n\t<meta name=\"twitter:label2\" content=\"Tempo di lettura stimato\" \/>\n\t<meta name=\"twitter:data2\" content=\"9 minuti\" \/>\r\n<script type=\"application\/ld+json\" class=\"yoast-schema-graph\">{\"@context\":\"https:\/\/schema.org\",\"@graph\":[{\"@type\":\"WebPage\",\"@id\":\"https:\/\/www.mercatocontadino.org\/public\/festa-della-madre-terra-2023-roma\/\",\"url\":\"https:\/\/www.mercatocontadino.org\/public\/festa-della-madre-terra-2023-roma\/\",\"name\":\"Festa della Madre Terra 2023 a Roma - Mercato Contadino Roma e Castelli Romani\",\"isPartOf\":{\"@id\":\"https:\/\/www.mercatocontadino.org\/public\/#website\"},\"primaryImageOfPage\":{\"@id\":\"https:\/\/www.mercatocontadino.org\/public\/festa-della-madre-terra-2023-roma\/#primaryimage\"},\"image\":{\"@id\":\"https:\/\/www.mercatocontadino.org\/public\/festa-della-madre-terra-2023-roma\/#primaryimage\"},\"thumbnailUrl\":\"https:\/\/www.mercatocontadino.org\/public\/wp-content\/uploads\/2023\/03\/COVER_festa_madre_terra_2023_domenica_9_ottobre_roma_mercato_contadin-scaled.jpg\",\"datePublished\":\"2023-03-01T19:50:32+00:00\",\"dateModified\":\"2023-03-27T20:59:13+00:00\",\"author\":{\"@id\":\"https:\/\/www.mercatocontadino.org\/public\/#\/schema\/person\/e4f15832d1f5c32f0800d694f83a60b0\"},\"breadcrumb\":{\"@id\":\"https:\/\/www.mercatocontadino.org\/public\/festa-della-madre-terra-2023-roma\/#breadcrumb\"},\"inLanguage\":\"it-IT\",\"potentialAction\":[{\"@type\":\"ReadAction\",\"target\":[\"https:\/\/www.mercatocontadino.org\/public\/festa-della-madre-terra-2023-roma\/\"]}]},{\"@type\":\"ImageObject\",\"inLanguage\":\"it-IT\",\"@id\":\"https:\/\/www.mercatocontadino.org\/public\/festa-della-madre-terra-2023-roma\/#primaryimage\",\"url\":\"https:\/\/www.mercatocontadino.org\/public\/wp-content\/uploads\/2023\/03\/COVER_festa_madre_terra_2023_domenica_9_ottobre_roma_mercato_contadin-scaled.jpg\",\"contentUrl\":\"https:\/\/www.mercatocontadino.org\/public\/wp-content\/uploads\/2023\/03\/COVER_festa_madre_terra_2023_domenica_9_ottobre_roma_mercato_contadin-scaled.jpg\",\"width\":2560,\"height\":1440,\"caption\":\"festa madre terra 2023 roma\"},{\"@type\":\"BreadcrumbList\",\"@id\":\"https:\/\/www.mercatocontadino.org\/public\/festa-della-madre-terra-2023-roma\/#breadcrumb\",\"itemListElement\":[{\"@type\":\"ListItem\",\"position\":1,\"name\":\"Home\",\"item\":\"https:\/\/www.mercatocontadino.org\/public\/\"},{\"@type\":\"ListItem\",\"position\":2,\"name\":\"Festa della Madre Terra 2023 a Roma\"}]},{\"@type\":\"WebSite\",\"@id\":\"https:\/\/www.mercatocontadino.org\/public\/#website\",\"url\":\"https:\/\/www.mercatocontadino.org\/public\/\",\"name\":\"Mercato Contadino Roma e Castelli Romani\",\"description\":\"Diffondiamo Prodotti Agroalimentari di Qualit\u00e0, Km0, di Filiera Corta\",\"potentialAction\":[{\"@type\":\"SearchAction\",\"target\":{\"@type\":\"EntryPoint\",\"urlTemplate\":\"https:\/\/www.mercatocontadino.org\/public\/?s={search_term_string}\"},\"query-input\":{\"@type\":\"PropertyValueSpecification\",\"valueRequired\":true,\"valueName\":\"search_term_string\"}}],\"inLanguage\":\"it-IT\"},{\"@type\":\"Person\",\"@id\":\"https:\/\/www.mercatocontadino.org\/public\/#\/schema\/person\/e4f15832d1f5c32f0800d694f83a60b0\",\"name\":\"ilmercatocontadino\",\"image\":{\"@type\":\"ImageObject\",\"inLanguage\":\"it-IT\",\"@id\":\"https:\/\/www.mercatocontadino.org\/public\/#\/schema\/person\/image\/\",\"url\":\"https:\/\/secure.gravatar.com\/avatar\/6be7c69f945bd40eac48b275f27f29e4?s=96&d=mm&r=g\",\"contentUrl\":\"https:\/\/secure.gravatar.com\/avatar\/6be7c69f945bd40eac48b275f27f29e4?s=96&d=mm&r=g\",\"caption\":\"ilmercatocontadino\"},\"url\":\"https:\/\/www.mercatocontadino.org\/public\/author\/ilmercatocontadino\/\"}]}<\/script>\r\n<!-- \/ Yoast SEO plugin. -->","yoast_head_json":{"title":"Festa della Madre Terra 2023 a Roma - Mercato Contadino Roma e Castelli Romani","robots":{"index":"index","follow":"follow","max-snippet":"max-snippet:-1","max-image-preview":"max-image-preview:large","max-video-preview":"max-video-preview:-1"},"canonical":"https:\/\/www.mercatocontadino.org\/public\/festa-della-madre-terra-2023-roma\/","og_locale":"it_IT","og_type":"article","og_title":"Festa della Madre Terra 2023 a Roma - Mercato Contadino Roma e Castelli Romani","og_description":"Edizione straordinaria del \ud835\udde0\ud835\uddf2\ud835\uddff\ud835\uddf0\ud835\uddee\ud835\ude01\ud835\uddfc \ud835\uddd6\ud835\uddfc\ud835\uddfb\ud835\ude01\ud835\uddee\ud835\uddf1\ud835\uddf6\ud835\uddfb\ud835\uddfc \ud835\udde5\ud835\uddfc\ud835\uddfa\ud835\uddee \ud835\uddf2 \ud835\uddd6\ud835\uddee\ud835\ude00\ud835\ude01\ud835\uddf2\ud835\uddf9\ud835\uddf9\ud835\uddf6 \ud835\udde5\ud835\uddfc\ud835\uddfa\ud835\uddee\ud835\uddfb\ud835\uddf6 all&#8217;interno dell&#8217;Ippodromo Capannelle domenica 26 marzo 2023, dalle ore 9 alle 18,30 una giornata da trascorrere tutti insieme per festeggiare la \ud835\udc0c\ud835\udc1a\ud835\udc1d\ud835\udc2b\ud835\udc1e \ud835\udc13\ud835\udc1e\ud835\udc2b\ud835\udc2b\ud835\udc1a. SCARICA IL BIGLIETTO...","og_url":"https:\/\/www.mercatocontadino.org\/public\/festa-della-madre-terra-2023-roma\/","og_site_name":"Mercato Contadino Roma e Castelli Romani","article_published_time":"2023-03-01T19:50:32+00:00","article_modified_time":"2023-03-27T20:59:13+00:00","og_image":[{"width":2560,"height":1440,"url":"https:\/\/www.mercatocontadino.org\/public\/wp-content\/uploads\/2023\/03\/COVER_festa_madre_terra_2023_domenica_9_ottobre_roma_mercato_contadin-scaled.jpg","type":"image\/jpeg"}],"author":"ilmercatocontadino","twitter_card":"summary_large_image","twitter_misc":{"Scritto da":"ilmercatocontadino","Tempo di lettura stimato":"9 minuti"},"schema":{"@context":"https:\/\/schema.org","@graph":[{"@type":"WebPage","@id":"https:\/\/www.mercatocontadino.org\/public\/festa-della-madre-terra-2023-roma\/","url":"https:\/\/www.mercatocontadino.org\/public\/festa-della-madre-terra-2023-roma\/","name":"Festa della Madre Terra 2023 a Roma - Mercato Contadino Roma e Castelli Romani","isPartOf":{"@id":"https:\/\/www.mercatocontadino.org\/public\/#website"},"primaryImageOfPage":{"@id":"https:\/\/www.mercatocontadino.org\/public\/festa-della-madre-terra-2023-roma\/#primaryimage"},"image":{"@id":"https:\/\/www.mercatocontadino.org\/public\/festa-della-madre-terra-2023-roma\/#primaryimage"},"thumbnailUrl":"https:\/\/www.mercatocontadino.org\/public\/wp-content\/uploads\/2023\/03\/COVER_festa_madre_terra_2023_domenica_9_ottobre_roma_mercato_contadin-scaled.jpg","datePublished":"2023-03-01T19:50:32+00:00","dateModified":"2023-03-27T20:59:13+00:00","author":{"@id":"https:\/\/www.mercatocontadino.org\/public\/#\/schema\/person\/e4f15832d1f5c32f0800d694f83a60b0"},"breadcrumb":{"@id":"https:\/\/www.mercatocontadino.org\/public\/festa-della-madre-terra-2023-roma\/#breadcrumb"},"inLanguage":"it-IT","potentialAction":[{"@type":"ReadAction","target":["https:\/\/www.mercatocontadino.org\/public\/festa-della-madre-terra-2023-roma\/"]}]},{"@type":"ImageObject","inLanguage":"it-IT","@id":"https:\/\/www.mercatocontadino.org\/public\/festa-della-madre-terra-2023-roma\/#primaryimage","url":"https:\/\/www.mercatocontadino.org\/public\/wp-content\/uploads\/2023\/03\/COVER_festa_madre_terra_2023_domenica_9_ottobre_roma_mercato_contadin-scaled.jpg","contentUrl":"https:\/\/www.mercatocontadino.org\/public\/wp-content\/uploads\/2023\/03\/COVER_festa_madre_terra_2023_domenica_9_ottobre_roma_mercato_contadin-scaled.jpg","width":2560,"height":1440,"caption":"festa madre terra 2023 roma"},{"@type":"BreadcrumbList","@id":"https:\/\/www.mercatocontadino.org\/public\/festa-della-madre-terra-2023-roma\/#breadcrumb","itemListElement":[{"@type":"ListItem","position":1,"name":"Home","item":"https:\/\/www.mercatocontadino.org\/public\/"},{"@type":"ListItem","position":2,"name":"Festa della Madre Terra 2023 a Roma"}]},{"@type":"WebSite","@id":"https:\/\/www.mercatocontadino.org\/public\/#website","url":"https:\/\/www.mercatocontadino.org\/public\/","name":"Mercato Contadino Roma e Castelli Romani","description":"Diffondiamo Prodotti Agroalimentari di Qualit\u00e0, Km0, di Filiera Corta","potentialAction":[{"@type":"SearchAction","target":{"@type":"EntryPoint","urlTemplate":"https:\/\/www.mercatocontadino.org\/public\/?s={search_term_string}"},"query-input":{"@type":"PropertyValueSpecification","valueRequired":true,"valueName":"search_term_string"}}],"inLanguage":"it-IT"},{"@type":"Person","@id":"https:\/\/www.mercatocontadino.org\/public\/#\/schema\/person\/e4f15832d1f5c32f0800d694f83a60b0","name":"ilmercatocontadino","image":{"@type":"ImageObject","inLanguage":"it-IT","@id":"https:\/\/www.mercatocontadino.org\/public\/#\/schema\/person\/image\/","url":"https:\/\/secure.gravatar.com\/avatar\/6be7c69f945bd40eac48b275f27f29e4?s=96&d=mm&r=g","contentUrl":"https:\/\/secure.gravatar.com\/avatar\/6be7c69f945bd40eac48b275f27f29e4?s=96&d=mm&r=g","caption":"ilmercatocontadino"},"url":"https:\/\/www.mercatocontadino.org\/public\/author\/ilmercatocontadino\/"}]}},"_links":{"self":[{"href":"https:\/\/www.mercatocontadino.org\/public\/wp-json\/wp\/v2\/posts\/3520"}],"collection":[{"href":"https:\/\/www.mercatocontadino.org\/public\/wp-json\/wp\/v2\/posts"}],"about":[{"href":"https:\/\/www.mercatocontadino.org\/public\/wp-json\/wp\/v2\/types\/post"}],"author":[{"embeddable":true,"href":"https:\/\/www.mercatocontadino.org\/public\/wp-json\/wp\/v2\/users\/1"}],"replies":[{"embeddable":true,"href":"https:\/\/www.mercatocontadino.org\/public\/wp-json\/wp\/v2\/comments?post=3520"}],"version-history":[{"count":10,"href":"https:\/\/www.mercatocontadino.org\/public\/wp-json\/wp\/v2\/posts\/3520\/revisions"}],"predecessor-version":[{"id":3569,"href":"https:\/\/www.mercatocontadino.org\/public\/wp-json\/wp\/v2\/posts\/3520\/revisions\/3569"}],"wp:featuredmedia":[{"embeddable":true,"href":"https:\/\/www.mercatocontadino.org\/public\/wp-json\/wp\/v2\/media\/3521"}],"wp:attachment":[{"href":"https:\/\/www.mercatocontadino.org\/public\/wp-json\/wp\/v2\/media?parent=3520"}],"wp:term":[{"taxonomy":"category","embeddable":true,"href":"https:\/\/www.mercatocontadino.org\/public\/wp-json\/wp\/v2\/categories?post=3520"},{"taxonomy":"post_tag","embeddable":true,"href":"https:\/\/www.mercatocontadino.org\/public\/wp-json\/wp\/v2\/tags?post=3520"}],"curies":[{"name":"wp","href":"https:\/\/api.w.org\/{rel}","templated":true}]}}