{"id":2394,"date":"2019-09-13T02:04:32","date_gmt":"2019-09-13T00:04:32","guid":{"rendered":"http:\/\/www.mercatocontadino.org\/public\/?p=2394"},"modified":"2019-09-13T02:06:46","modified_gmt":"2019-09-13T00:06:46","slug":"laboratorio-del-buon-cibo-le-melanzane-passione","status":"publish","type":"post","link":"https:\/\/www.mercatocontadino.org\/public\/laboratorio-del-buon-cibo-le-melanzane-passione\/","title":{"rendered":"Laboratorio del Buon Cibo: Le Melanzane che passione!"},"content":{"rendered":"<p class=\"p1\">\n<p class=\"p1\"><span class=\"s1\"><b>Sabato 21 settembre 2019 ore 10,00<\/b> Mercato Contadino Roma Infernetto ai Parchi della Colombo centro commerciale.<\/span><\/p>\n<p class=\"p1\"><span class=\"s1\"><b>Domenica 29 settembre 2019 ore 10,30<\/b> Mercato Contadino Roma Torrino Stardust Village.<\/span><\/p>\n<p class=\"p1\">Grazie all\u2019azienda agricola Terre di Nunzia.<\/p>\n<p class=\"p1\"><span class=\"s1\">Con l\u2019arrivo dell\u2019autunno possiamo ancora mangiare le melanzane fresche, ma \u00e8 tempo di pensare alle provviste invernali come le nostre nonne ci hanno insegnato.<\/span><\/p>\n<p class=\"p1\"><span class=\"s1\">Con <b>Amalia<\/b> scoprirete le infinite possibilit\u00e0 di preparazione di questo meraviglioso ortaggio; assisterete in diretta a preparazioni di ricette semplici e gustose, ma soprattutto sane e di stagione. <\/span><\/p>\n<p class=\"p1\"><strong><span class=\"s1\">Melanzane gratinate a cotoletta, involtini, fritte pastellate, marinate, a barchetta\u2026! Per tutti i gusti!<\/span><\/strong><\/p>\n<p class=\"p1\"><span class=\"s1\">Al termine della lezione degustazione gratuita per tutti.<\/span><\/p>\n<p class=\"p1\"><strong><span class=\"s1\">Siete proprio sicuri di conoscere tutto sulle melanzane? Perch\u00e9 ad alcune persone causano ipersensibilit\u00e0 alla pelle? Perch\u00e9 non si possono mangiare crude? <\/span><\/strong><\/p>\n<p class=\"p1\"><span class=\"s1\">Esistono molte variet\u00e0 di melanzane, che si distinguono essenzialmente per forma: melanzane lunghe e sottili, tonde o allungate \u2026 dimensione, alcune possono pesare anche oltre il chilo! Per colore della buccia: varia dal bianco al verde, dallo striato al violetto, fino ad arrivare al nero!<\/span><\/p>\n<p class=\"p1\"><span class=\"s1\">Il frutto della pianta, chiamata in botanica Solanum melongena \u00e8 una grossa bacca carnosa; sono disponibili da marzo fino in autunno, sono verdure ipocaloriche (apportano poche calorie, solo 18 per 100 g) e sono ricche di Sali minerali (potassio, in particolare): teoricamente, sono eccezionali per una dieta a basso tenore calorico, il problema \u00e8 rappresentato dal metodo di cottura perch\u00e9 spesso le melanzane vengono fritte o cotte in padella! La polpa spugnosa delle melanzane tende ad assorbire molto condimento: per ovviare a questo inconveniente, \u00e8 opportuno trattarle adeguatamente con il sale per eliminare quanto possibile il liquido di vegetazione.<\/span><\/p>\n<p class=\"p1\"><span class=\"s1\">Le melanzane possono concorrere ad abbassare il colesterolo (o comunque aiutano a mantenere i giusti livelli di colesterolo nel sangue) e costituiscono un valido rimedio naturale contro la stitichezza (grazie all&#8217;abbondanza di fibra).<\/span><\/p>\n<p class=\"p1\"><span class=\"s1\">Iniziamo col dire che le melanzane appartengono alla famiglia delle Solanaceae, la stessa di cui fanno parte pomodori, patate e peperoni! Questi ortaggi, in apparenza non hanno molto in comune: in realt\u00e0, sono tutti caratterizzati dalla presenza di una sostanza chiamata SOLANINA.<\/span><\/p>\n<p class=\"p1\"><span class=\"s1\">La solanina \u00e8 un alcaloide psicoattivo tossico (prodotto dalle piante come arma di difesa contro gli insetti fitofagi), molto presente nelle foglie, nei fiori, nella buccia e (in dosi minori) nella polpa. Per eliminare la solanina (responsabile peraltro del retrogusto amaro), le soluzioni sono due: trattamento con il sale e cottura dell&#8217;alimento.<\/span><\/p>\n<p class=\"p1\"><strong><span class=\"s1\">Nota bene: la dose di solanina nella polpa \u00e8 comunque bassa (6-11 mg\/100 g). Teoricamente, per dare i primi sintomi di tossicit\u00e0 (sonnolenza, emolisi, irritazione della mucosa gastrica, morte nei casi pi\u00f9 gravi), si dovrebbero consumare 1.5 kg di melanzane crude! Ricordiamo che pi\u00f9 la melanzana \u00e8 giovane, pi\u00f9 alta \u00e8 la concentrazione di solanina.<\/span><\/strong><\/p>\n<p class=\"p1\"><span class=\"s1\">Perch\u00e9 causano ipersensibilit\u00e0, rossore alla pelle delle mani e bruciore? Perch\u00e9 contengono ISTAMINA, responsabile di fenomeni allergici nei soggetti sensibili.<\/span><\/p>\n<p class=\"p1\"><span class=\"s1\">Lo sapevate che nella melanzana troviamo anche la nicotina?<\/span><\/p>\n<p class=\"p1\"><span class=\"s1\">Ebbene, il tabacco non ne costituisce l&#8217;unica fonte! La nicotina si trova anche nella melanzana. La concentrazione \u00e8 comunque bassa (in dosi pari a 0,01 mg\/100 g): basti pensare che per assumere la dose di nicotina che fornisce una sigaretta, dovremmo consumare ben 9 kg di melanzane!<\/span><\/p>\n<p class=\"p1\">\n","protected":false},"excerpt":{"rendered":"<p>Sabato 21 settembre 2019 ore 10,00 Mercato Contadino Roma Infernetto ai Parchi della Colombo centro commerciale. Domenica 29 settembre 2019 ore 10,30 Mercato Contadino Roma Torrino Stardust Village. Grazie all\u2019azienda agricola Terre di Nunzia. Con&#8230;<\/p>\n","protected":false},"author":1,"featured_media":2395,"comment_status":"open","ping_status":"open","sticky":false,"template":"","format":"standard","meta":{"footnotes":""},"categories":[19,5,6,14],"tags":[],"yoast_head":"<!-- This site is optimized with the Yoast SEO plugin v23.6 - https:\/\/yoast.com\/wordpress\/plugins\/seo\/ -->\r\n<title>Laboratorio del Buon Cibo: Le Melanzane che passione! - Mercato Contadino Roma e Castelli Romani<\/title>\r\n<meta name=\"robots\" content=\"index, follow, max-snippet:-1, max-image-preview:large, max-video-preview:-1\" \/>\r\n<link rel=\"canonical\" href=\"https:\/\/www.mercatocontadino.org\/public\/laboratorio-del-buon-cibo-le-melanzane-passione\/\" \/>\r\n<meta property=\"og:locale\" content=\"it_IT\" \/>\r\n<meta property=\"og:type\" content=\"article\" \/>\r\n<meta property=\"og:title\" content=\"Laboratorio del Buon Cibo: Le Melanzane che passione! - Mercato Contadino Roma e Castelli Romani\" \/>\r\n<meta property=\"og:description\" content=\"Sabato 21 settembre 2019 ore 10,00 Mercato Contadino Roma Infernetto ai Parchi della Colombo centro commerciale. Domenica 29 settembre 2019 ore 10,30 Mercato Contadino Roma Torrino Stardust Village. Grazie all\u2019azienda agricola Terre di Nunzia. Con...\" \/>\r\n<meta property=\"og:url\" content=\"https:\/\/www.mercatocontadino.org\/public\/laboratorio-del-buon-cibo-le-melanzane-passione\/\" \/>\r\n<meta property=\"og:site_name\" content=\"Mercato Contadino Roma e Castelli Romani\" \/>\r\n<meta property=\"article:published_time\" content=\"2019-09-13T00:04:32+00:00\" \/>\r\n<meta property=\"article:modified_time\" content=\"2019-09-13T00:06:46+00:00\" \/>\r\n<meta property=\"og:image\" content=\"https:\/\/www.mercatocontadino.org\/public\/wp-content\/uploads\/2019\/09\/MELANZANE_LABORATORIO_BUON_CIBO_mercato_contadino.jpg\" \/>\r\n\t<meta property=\"og:image:width\" content=\"1400\" \/>\r\n\t<meta property=\"og:image:height\" content=\"729\" \/>\r\n\t<meta property=\"og:image:type\" content=\"image\/jpeg\" \/>\r\n<meta name=\"author\" content=\"ilmercatocontadino\" \/>\r\n<meta name=\"twitter:card\" content=\"summary_large_image\" \/>\r\n<meta name=\"twitter:label1\" content=\"Scritto da\" \/>\n\t<meta name=\"twitter:data1\" content=\"ilmercatocontadino\" \/>\n\t<meta name=\"twitter:label2\" content=\"Tempo di lettura stimato\" \/>\n\t<meta name=\"twitter:data2\" content=\"3 minuti\" \/>\r\n<script type=\"application\/ld+json\" class=\"yoast-schema-graph\">{\"@context\":\"https:\/\/schema.org\",\"@graph\":[{\"@type\":\"WebPage\",\"@id\":\"https:\/\/www.mercatocontadino.org\/public\/laboratorio-del-buon-cibo-le-melanzane-passione\/\",\"url\":\"https:\/\/www.mercatocontadino.org\/public\/laboratorio-del-buon-cibo-le-melanzane-passione\/\",\"name\":\"Laboratorio del Buon Cibo: Le Melanzane che passione! - Mercato Contadino Roma e Castelli Romani\",\"isPartOf\":{\"@id\":\"https:\/\/www.mercatocontadino.org\/public\/#website\"},\"primaryImageOfPage\":{\"@id\":\"https:\/\/www.mercatocontadino.org\/public\/laboratorio-del-buon-cibo-le-melanzane-passione\/#primaryimage\"},\"image\":{\"@id\":\"https:\/\/www.mercatocontadino.org\/public\/laboratorio-del-buon-cibo-le-melanzane-passione\/#primaryimage\"},\"thumbnailUrl\":\"https:\/\/www.mercatocontadino.org\/public\/wp-content\/uploads\/2019\/09\/MELANZANE_LABORATORIO_BUON_CIBO_mercato_contadino.jpg\",\"datePublished\":\"2019-09-13T00:04:32+00:00\",\"dateModified\":\"2019-09-13T00:06:46+00:00\",\"author\":{\"@id\":\"https:\/\/www.mercatocontadino.org\/public\/#\/schema\/person\/e4f15832d1f5c32f0800d694f83a60b0\"},\"breadcrumb\":{\"@id\":\"https:\/\/www.mercatocontadino.org\/public\/laboratorio-del-buon-cibo-le-melanzane-passione\/#breadcrumb\"},\"inLanguage\":\"it-IT\",\"potentialAction\":[{\"@type\":\"ReadAction\",\"target\":[\"https:\/\/www.mercatocontadino.org\/public\/laboratorio-del-buon-cibo-le-melanzane-passione\/\"]}]},{\"@type\":\"ImageObject\",\"inLanguage\":\"it-IT\",\"@id\":\"https:\/\/www.mercatocontadino.org\/public\/laboratorio-del-buon-cibo-le-melanzane-passione\/#primaryimage\",\"url\":\"https:\/\/www.mercatocontadino.org\/public\/wp-content\/uploads\/2019\/09\/MELANZANE_LABORATORIO_BUON_CIBO_mercato_contadino.jpg\",\"contentUrl\":\"https:\/\/www.mercatocontadino.org\/public\/wp-content\/uploads\/2019\/09\/MELANZANE_LABORATORIO_BUON_CIBO_mercato_contadino.jpg\",\"width\":1400,\"height\":729,\"caption\":\"MELANZANE LABORATORIO BUON CIBO mercato contadino\"},{\"@type\":\"BreadcrumbList\",\"@id\":\"https:\/\/www.mercatocontadino.org\/public\/laboratorio-del-buon-cibo-le-melanzane-passione\/#breadcrumb\",\"itemListElement\":[{\"@type\":\"ListItem\",\"position\":1,\"name\":\"Home\",\"item\":\"https:\/\/www.mercatocontadino.org\/public\/\"},{\"@type\":\"ListItem\",\"position\":2,\"name\":\"Laboratorio del Buon Cibo: Le Melanzane che passione!\"}]},{\"@type\":\"WebSite\",\"@id\":\"https:\/\/www.mercatocontadino.org\/public\/#website\",\"url\":\"https:\/\/www.mercatocontadino.org\/public\/\",\"name\":\"Mercato Contadino Roma e Castelli Romani\",\"description\":\"Diffondiamo Prodotti Agroalimentari di Qualit\u00e0, Km0, di Filiera Corta\",\"potentialAction\":[{\"@type\":\"SearchAction\",\"target\":{\"@type\":\"EntryPoint\",\"urlTemplate\":\"https:\/\/www.mercatocontadino.org\/public\/?s={search_term_string}\"},\"query-input\":{\"@type\":\"PropertyValueSpecification\",\"valueRequired\":true,\"valueName\":\"search_term_string\"}}],\"inLanguage\":\"it-IT\"},{\"@type\":\"Person\",\"@id\":\"https:\/\/www.mercatocontadino.org\/public\/#\/schema\/person\/e4f15832d1f5c32f0800d694f83a60b0\",\"name\":\"ilmercatocontadino\",\"image\":{\"@type\":\"ImageObject\",\"inLanguage\":\"it-IT\",\"@id\":\"https:\/\/www.mercatocontadino.org\/public\/#\/schema\/person\/image\/\",\"url\":\"https:\/\/secure.gravatar.com\/avatar\/6be7c69f945bd40eac48b275f27f29e4?s=96&d=mm&r=g\",\"contentUrl\":\"https:\/\/secure.gravatar.com\/avatar\/6be7c69f945bd40eac48b275f27f29e4?s=96&d=mm&r=g\",\"caption\":\"ilmercatocontadino\"},\"url\":\"https:\/\/www.mercatocontadino.org\/public\/author\/ilmercatocontadino\/\"}]}<\/script>\r\n<!-- \/ Yoast SEO plugin. -->","yoast_head_json":{"title":"Laboratorio del Buon Cibo: Le Melanzane che passione! - Mercato Contadino Roma e Castelli Romani","robots":{"index":"index","follow":"follow","max-snippet":"max-snippet:-1","max-image-preview":"max-image-preview:large","max-video-preview":"max-video-preview:-1"},"canonical":"https:\/\/www.mercatocontadino.org\/public\/laboratorio-del-buon-cibo-le-melanzane-passione\/","og_locale":"it_IT","og_type":"article","og_title":"Laboratorio del Buon Cibo: Le Melanzane che passione! - Mercato Contadino Roma e Castelli Romani","og_description":"Sabato 21 settembre 2019 ore 10,00 Mercato Contadino Roma Infernetto ai Parchi della Colombo centro commerciale. Domenica 29 settembre 2019 ore 10,30 Mercato Contadino Roma Torrino Stardust Village. Grazie all\u2019azienda agricola Terre di Nunzia. Con...","og_url":"https:\/\/www.mercatocontadino.org\/public\/laboratorio-del-buon-cibo-le-melanzane-passione\/","og_site_name":"Mercato Contadino Roma e Castelli Romani","article_published_time":"2019-09-13T00:04:32+00:00","article_modified_time":"2019-09-13T00:06:46+00:00","og_image":[{"width":1400,"height":729,"url":"https:\/\/www.mercatocontadino.org\/public\/wp-content\/uploads\/2019\/09\/MELANZANE_LABORATORIO_BUON_CIBO_mercato_contadino.jpg","type":"image\/jpeg"}],"author":"ilmercatocontadino","twitter_card":"summary_large_image","twitter_misc":{"Scritto da":"ilmercatocontadino","Tempo di lettura stimato":"3 minuti"},"schema":{"@context":"https:\/\/schema.org","@graph":[{"@type":"WebPage","@id":"https:\/\/www.mercatocontadino.org\/public\/laboratorio-del-buon-cibo-le-melanzane-passione\/","url":"https:\/\/www.mercatocontadino.org\/public\/laboratorio-del-buon-cibo-le-melanzane-passione\/","name":"Laboratorio del Buon Cibo: Le Melanzane che passione! - Mercato Contadino Roma e Castelli Romani","isPartOf":{"@id":"https:\/\/www.mercatocontadino.org\/public\/#website"},"primaryImageOfPage":{"@id":"https:\/\/www.mercatocontadino.org\/public\/laboratorio-del-buon-cibo-le-melanzane-passione\/#primaryimage"},"image":{"@id":"https:\/\/www.mercatocontadino.org\/public\/laboratorio-del-buon-cibo-le-melanzane-passione\/#primaryimage"},"thumbnailUrl":"https:\/\/www.mercatocontadino.org\/public\/wp-content\/uploads\/2019\/09\/MELANZANE_LABORATORIO_BUON_CIBO_mercato_contadino.jpg","datePublished":"2019-09-13T00:04:32+00:00","dateModified":"2019-09-13T00:06:46+00:00","author":{"@id":"https:\/\/www.mercatocontadino.org\/public\/#\/schema\/person\/e4f15832d1f5c32f0800d694f83a60b0"},"breadcrumb":{"@id":"https:\/\/www.mercatocontadino.org\/public\/laboratorio-del-buon-cibo-le-melanzane-passione\/#breadcrumb"},"inLanguage":"it-IT","potentialAction":[{"@type":"ReadAction","target":["https:\/\/www.mercatocontadino.org\/public\/laboratorio-del-buon-cibo-le-melanzane-passione\/"]}]},{"@type":"ImageObject","inLanguage":"it-IT","@id":"https:\/\/www.mercatocontadino.org\/public\/laboratorio-del-buon-cibo-le-melanzane-passione\/#primaryimage","url":"https:\/\/www.mercatocontadino.org\/public\/wp-content\/uploads\/2019\/09\/MELANZANE_LABORATORIO_BUON_CIBO_mercato_contadino.jpg","contentUrl":"https:\/\/www.mercatocontadino.org\/public\/wp-content\/uploads\/2019\/09\/MELANZANE_LABORATORIO_BUON_CIBO_mercato_contadino.jpg","width":1400,"height":729,"caption":"MELANZANE LABORATORIO BUON CIBO mercato contadino"},{"@type":"BreadcrumbList","@id":"https:\/\/www.mercatocontadino.org\/public\/laboratorio-del-buon-cibo-le-melanzane-passione\/#breadcrumb","itemListElement":[{"@type":"ListItem","position":1,"name":"Home","item":"https:\/\/www.mercatocontadino.org\/public\/"},{"@type":"ListItem","position":2,"name":"Laboratorio del Buon Cibo: Le Melanzane che passione!"}]},{"@type":"WebSite","@id":"https:\/\/www.mercatocontadino.org\/public\/#website","url":"https:\/\/www.mercatocontadino.org\/public\/","name":"Mercato Contadino Roma e Castelli Romani","description":"Diffondiamo Prodotti Agroalimentari di Qualit\u00e0, Km0, di Filiera Corta","potentialAction":[{"@type":"SearchAction","target":{"@type":"EntryPoint","urlTemplate":"https:\/\/www.mercatocontadino.org\/public\/?s={search_term_string}"},"query-input":{"@type":"PropertyValueSpecification","valueRequired":true,"valueName":"search_term_string"}}],"inLanguage":"it-IT"},{"@type":"Person","@id":"https:\/\/www.mercatocontadino.org\/public\/#\/schema\/person\/e4f15832d1f5c32f0800d694f83a60b0","name":"ilmercatocontadino","image":{"@type":"ImageObject","inLanguage":"it-IT","@id":"https:\/\/www.mercatocontadino.org\/public\/#\/schema\/person\/image\/","url":"https:\/\/secure.gravatar.com\/avatar\/6be7c69f945bd40eac48b275f27f29e4?s=96&d=mm&r=g","contentUrl":"https:\/\/secure.gravatar.com\/avatar\/6be7c69f945bd40eac48b275f27f29e4?s=96&d=mm&r=g","caption":"ilmercatocontadino"},"url":"https:\/\/www.mercatocontadino.org\/public\/author\/ilmercatocontadino\/"}]}},"_links":{"self":[{"href":"https:\/\/www.mercatocontadino.org\/public\/wp-json\/wp\/v2\/posts\/2394"}],"collection":[{"href":"https:\/\/www.mercatocontadino.org\/public\/wp-json\/wp\/v2\/posts"}],"about":[{"href":"https:\/\/www.mercatocontadino.org\/public\/wp-json\/wp\/v2\/types\/post"}],"author":[{"embeddable":true,"href":"https:\/\/www.mercatocontadino.org\/public\/wp-json\/wp\/v2\/users\/1"}],"replies":[{"embeddable":true,"href":"https:\/\/www.mercatocontadino.org\/public\/wp-json\/wp\/v2\/comments?post=2394"}],"version-history":[{"count":3,"href":"https:\/\/www.mercatocontadino.org\/public\/wp-json\/wp\/v2\/posts\/2394\/revisions"}],"predecessor-version":[{"id":2398,"href":"https:\/\/www.mercatocontadino.org\/public\/wp-json\/wp\/v2\/posts\/2394\/revisions\/2398"}],"wp:featuredmedia":[{"embeddable":true,"href":"https:\/\/www.mercatocontadino.org\/public\/wp-json\/wp\/v2\/media\/2395"}],"wp:attachment":[{"href":"https:\/\/www.mercatocontadino.org\/public\/wp-json\/wp\/v2\/media?parent=2394"}],"wp:term":[{"taxonomy":"category","embeddable":true,"href":"https:\/\/www.mercatocontadino.org\/public\/wp-json\/wp\/v2\/categories?post=2394"},{"taxonomy":"post_tag","embeddable":true,"href":"https:\/\/www.mercatocontadino.org\/public\/wp-json\/wp\/v2\/tags?post=2394"}],"curies":[{"name":"wp","href":"https:\/\/api.w.org\/{rel}","templated":true}]}}